{"id":4979,"date":"2017-07-28T18:51:58","date_gmt":"2017-07-28T18:51:58","guid":{"rendered":"http:\/\/conadi.gob.gt\/web\/?p=4979"},"modified":"2017-07-28T18:51:58","modified_gmt":"2017-07-28T18:51:58","slug":"socializacion-de-la-5125","status":"publish","type":"post","link":"https:\/\/conadi.gob.gt\/web\/socializacion-de-la-5125\/","title":{"rendered":"Socializaci\u00f3n de la 5125"},"content":{"rendered":"<p>La socializaci\u00f3n de la postura institucional del Consejo Nacional para la Atenci\u00f3n de las Personas con Discapacidad -CONADI-, referente a las enmiendas del proyecto de decreto 5125, que contempla dar vida a la ley de Personas con Discapacidad, han sido expuestas con las bases del Consejo a nivel nacional, en 22 cabeceras departamentales durante el mes de julio de 2017.<br \/>\nEn los encuentros han participado integrantes de las comisiones departamentales y municipales de Discapacidad, oficinas municipales de discapacidad, representantes de organizaciones de gobierno y medios de comunicaci\u00f3n. Directivos y t\u00e9cnicos del CONADI han enfatizado que en los procesos de consulta con la sociedad civil, las organizaciones de personas con discapacidad han manifestado su apoyo a un CONADI fortalecido, con representaci\u00f3n de los tres \u00f3rganos de Estado: Ejecutivo, Legislativo y Judicial, adem\u00e1s de la continuidad de la Universidad de San Carlos de Guatemala -USAC-. Asimismo, la ampliaci\u00f3n de la representaci\u00f3n de la sociedad civil, incrementando de 7 a 9 sub-sectores de personas con discapacidad.<br \/>\nOtro de los puntos abordados es la no exclusi\u00f3n del art\u00edculo 68, bono por discapacidad para la poblaci\u00f3n en esta condici\u00f3n de vida en pobreza y extrema pobreza.<br \/>\nEn la actualidad el proyecto de decreto 5125, cuenta con tres debates en el hemiciclo y esta pendiente su aprobaci\u00f3n por art\u00edculos y redacci\u00f3n final.<\/p>\n<p>&nbsp;<\/p>\n<p>&nbsp;<\/p>\n<p>&nbsp;<\/p>\n<p>&nbsp;<\/p>\n<p>&nbsp;<\/p>\n<figure id=\"attachment_4976\" aria-describedby=\"caption-attachment-4976\" style=\"width: 1024px\" class=\"wp-caption aligncenter\"><a href=\"https:\/\/conadi.gob.gt\/web\/wp-content\/uploads\/2017\/07\/Socializacion-enmiendas.jpg\"><img loading=\"lazy\" decoding=\"async\" id=\"longdesc-return-4976\" class=\"wp-image-4976 size-large\" src=\"https:\/\/conadi.gob.gt\/web\/wp-content\/uploads\/2017\/07\/Socializacion-enmiendas-1024x1024.jpg\" alt=\"Enmiendas 5125\" width=\"1024\" height=\"1024\" longdesc=\"https:\/\/conadi.gob.gt\/web?longdesc=4976&amp;referrer=4979\" srcset=\"https:\/\/conadi.gob.gt\/web\/wp-content\/uploads\/2017\/07\/Socializacion-enmiendas-1024x1024.jpg 1024w, https:\/\/conadi.gob.gt\/web\/wp-content\/uploads\/2017\/07\/Socializacion-enmiendas-150x150.jpg 150w, https:\/\/conadi.gob.gt\/web\/wp-content\/uploads\/2017\/07\/Socializacion-enmiendas-300x300.jpg 300w\" sizes=\"auto, (max-width: 1024px) 100vw, 1024px\" \/><\/a><figcaption id=\"caption-attachment-4976\" class=\"wp-caption-text\">Enmiendas<\/figcaption><\/figure>\n","protected":false},"excerpt":{"rendered":"<p>La socializaci\u00f3n de la postura institucional del Consejo Nacional para la Atenci\u00f3n de las Personas con Discapacidad -CONADI-, referente a las enmiendas del proyecto de decreto 5125, que contempla dar vida a la ley de Personas con Discapacidad, han sido expuestas con las bases del Consejo a nivel nacional, en 22 cabeceras departamentales durante el &hellip; <\/p>\n<p class=\"link-more\"><a href=\"https:\/\/conadi.gob.gt\/web\/socializacion-de-la-5125\/\" class=\"more-link\">Leer m\u00e1s<span class=\"screen-reader-text\"> \u00abSocializaci\u00f3n de la 5125\u00bb<\/span><\/a><\/p>\n","protected":false},"author":7,"featured_media":0,"comment_status":"open","ping_status":"closed","sticky":false,"template":"","format":"standard","meta":{"footnotes":""},"categories":[1],"tags":[],"class_list":["post-4979","post","type-post","status-publish","format-standard","hentry","category-sin-categoria"],"_links":{"self":[{"href":"https:\/\/conadi.gob.gt\/web\/wp-json\/wp\/v2\/posts\/4979","targetHints":{"allow":["GET"]}}],"collection":[{"href":"https:\/\/conadi.gob.gt\/web\/wp-json\/wp\/v2\/posts"}],"about":[{"href":"https:\/\/conadi.gob.gt\/web\/wp-json\/wp\/v2\/types\/post"}],"author":[{"embeddable":true,"href":"https:\/\/conadi.gob.gt\/web\/wp-json\/wp\/v2\/users\/7"}],"replies":[{"embeddable":true,"href":"https:\/\/conadi.gob.gt\/web\/wp-json\/wp\/v2\/comments?post=4979"}],"version-history":[{"count":1,"href":"https:\/\/conadi.gob.gt\/web\/wp-json\/wp\/v2\/posts\/4979\/revisions"}],"predecessor-version":[{"id":4980,"href":"https:\/\/conadi.gob.gt\/web\/wp-json\/wp\/v2\/posts\/4979\/revisions\/4980"}],"wp:attachment":[{"href":"https:\/\/conadi.gob.gt\/web\/wp-json\/wp\/v2\/media?parent=4979"}],"wp:term":[{"taxonomy":"category","embeddable":true,"href":"https:\/\/conadi.gob.gt\/web\/wp-json\/wp\/v2\/categories?post=4979"},{"taxonomy":"post_tag","embeddable":true,"href":"https:\/\/conadi.gob.gt\/web\/wp-json\/wp\/v2\/tags?post=4979"}],"curies":[{"name":"wp","href":"https:\/\/api.w.org\/{rel}","templated":true}]}}