{"id":4986,"date":"2017-08-01T21:56:19","date_gmt":"2017-08-01T21:56:19","guid":{"rendered":"http:\/\/conadi.gob.gt\/web\/?p=4986"},"modified":"2017-08-01T22:00:53","modified_gmt":"2017-08-01T22:00:53","slug":"lanzamiento-del-encuentro-de-lideres-indigenas-con-discapacidad","status":"publish","type":"post","link":"https:\/\/conadi.gob.gt\/web\/lanzamiento-del-encuentro-de-lideres-indigenas-con-discapacidad\/","title":{"rendered":"Lanzamiento del Encuentro de L\u00edderes Ind\u00edgenas con Discapacidad."},"content":{"rendered":"<figure id=\"attachment_4987\" aria-describedby=\"caption-attachment-4987\" style=\"width: 1024px\" class=\"wp-caption aligncenter\"><a href=\"https:\/\/conadi.gob.gt\/web\/wp-content\/uploads\/2017\/08\/IMG_2248.jpg\"><img loading=\"lazy\" decoding=\"async\" id=\"longdesc-return-4987\" class=\"size-large wp-image-4987\" src=\"https:\/\/conadi.gob.gt\/web\/wp-content\/uploads\/2017\/08\/IMG_2248-1024x683.jpg\" alt=\"Discapacidad y pueblos indigenas\" width=\"1024\" height=\"683\" longdesc=\"https:\/\/conadi.gob.gt\/web?longdesc=4987&amp;referrer=4986\" srcset=\"https:\/\/conadi.gob.gt\/web\/wp-content\/uploads\/2017\/08\/IMG_2248-1024x683.jpg 1024w, https:\/\/conadi.gob.gt\/web\/wp-content\/uploads\/2017\/08\/IMG_2248-300x200.jpg 300w, https:\/\/conadi.gob.gt\/web\/wp-content\/uploads\/2017\/08\/IMG_2248-90x60.jpg 90w, https:\/\/conadi.gob.gt\/web\/wp-content\/uploads\/2017\/08\/IMG_2248-180x120.jpg 180w, https:\/\/conadi.gob.gt\/web\/wp-content\/uploads\/2017\/08\/IMG_2248-95x64.jpg 95w\" sizes=\"auto, (max-width: 1024px) 100vw, 1024px\" \/><\/a><figcaption id=\"caption-attachment-4987\" class=\"wp-caption-text\">Pueblos indigenas con discapacidad<\/figcaption><\/figure>\n<p>En conferencia de prensa el Consejo Nacional para la Atenci\u00f3n de las Personas con Discapacidad -CONADI- y el Fondo de Desarrollo Ind\u00edgena Guatemalteco -FODIGUA- hizo el lanzamiento del Encuentro de L\u00edderes Ind\u00edgenas con Discapacidad de Latinoam\u00e9rica a realizarse el 8 y 9 de agosto del a\u00f1o en curso. La mesa principal estuvo integrada por Jorge Yat, presidente del CONADI; Cristina Ch\u00e1vez, representante de Fodigua; Sebasti\u00e1n Toledo, director del CONADI y Silvia Quan, experta en derechos de las Personas con Discapacidad.<\/p>\n<p>De acuerdo al pronunciamiento de las autoridades del CONADI, la Encuesta Nacional en Discapacidad -ENDIS 2016-, el 10.2% de la poblaci\u00f3n vive en condici\u00f3n de discapacidad en el pa\u00eds. La mayor\u00eda de la poblaci\u00f3n con discapacidad en Guatemala, habita en el \u00e1rea rural, constituida en pueblos ind\u00edgenas, comunidades que tienen una cosmovisi\u00f3n y cultura propia. Los pueblos ind\u00edgenas en la regi\u00f3n latinoamericana, viven excluidos de la sociedad por estigmas sociales y culturales. Tal discriminaci\u00f3n es a\u00fan mayor cuando se vive en condici\u00f3n de discapacidad, es decir que las personas ind\u00edgenas con alg\u00fan tipo de discapacidad tienen un mayor grado de exclusi\u00f3n.<br \/>\nLuego de la evaluaci\u00f3n al Estado de Guatemala por el Comit\u00e9 de Expertos de las Naciones Unidas, respecto al cumplimiento e implementaci\u00f3n de la Convenci\u00f3n sobre los Derechos de las Personas con Discapacidad, se emitieron 83 observaciones y recomendaciones al Estado, para el Cumplimiento de referida Convenci\u00f3n, documento en donde se exhorta al Estado de Guatemala a realizar las acciones necesarias para que las personas con discapacidad, mayormente la poblaci\u00f3n de las comunidades ind\u00edgenas y de las \u00e1reas rurales, sean incluidas en los programas, proyectos y servicios que permitan su inclusi\u00f3n en la sociedad y la garant\u00eda de sus derechos humanos.<br \/>\nEn base a lo anterior el Consejo Nacional para la Atenci\u00f3n de las Personas con Discapacidad en conjunto con el Fondo de Desarrollo Ind\u00edgena Guatemalteco, la Alianza Internacional de Discapacidad y el Movimiento Mundial de Personas Ind\u00edgenas con Discapacidad, realizar\u00e1n el primer Encuentro de L\u00edderes con Discapacidad de los Pueblos ind\u00edgenas en Guatemala, encuentro que se llevar\u00e1 a cabo el martes 8 y mi\u00e9rcoles 9 de agosto del presente a\u00f1o, en un hotel de la ciudad de Guatemala.<br \/>\nEn este encuentro participar\u00e1n m\u00e1s de 30 l\u00edderes con discapacidad de los pueblos ind\u00edgenas de Guatemala, Ecuador, Colombia, M\u00e9xico, Per\u00fa, El Salvador y Venezuela. El evento tiene como objetivo la identificaci\u00f3n de vac\u00edos y oportunidades que tienen las personas con discapacidad de los pueblos ind\u00edgenas, haciendo una contextualizaci\u00f3n a nivel local y regional por expertos del Movimiento Mundial de Personas Ind\u00edgenas con Discapacidad y l\u00edderes ind\u00edgenas con discapacidad de Guatemala.<br \/>\nEn Latinoam\u00e9rica se han realizado por parte de grupos organizados de personas ind\u00edgenas con discapacidad, acciones que buscan visibilizar los derechos humanos de las personas ind\u00edgenas con discapacidad, asimismo, potenciar el liderazgo de este grupo de poblaci\u00f3n para su inclusi\u00f3n dentro de sus comunidades y la sociedad en general.<\/p>\n<p>&nbsp;<\/p>\n<p>&nbsp;<\/p>\n<figure id=\"attachment_4987\" aria-describedby=\"caption-attachment-4987\" style=\"width: 1024px\" class=\"wp-caption aligncenter\"><a href=\"https:\/\/conadi.gob.gt\/web\/wp-content\/uploads\/2017\/08\/IMG_2248.jpg\"><img loading=\"lazy\" decoding=\"async\" id=\"longdesc-return-4987\" class=\"wp-image-4987 size-large\" src=\"https:\/\/conadi.gob.gt\/web\/wp-content\/uploads\/2017\/08\/IMG_2248-1024x683.jpg\" alt=\"Discapacidad y pueblos indigenas\" width=\"1024\" height=\"683\" longdesc=\"https:\/\/conadi.gob.gt\/web?longdesc=4987&amp;referrer=4986\" srcset=\"https:\/\/conadi.gob.gt\/web\/wp-content\/uploads\/2017\/08\/IMG_2248-1024x683.jpg 1024w, https:\/\/conadi.gob.gt\/web\/wp-content\/uploads\/2017\/08\/IMG_2248-300x200.jpg 300w, https:\/\/conadi.gob.gt\/web\/wp-content\/uploads\/2017\/08\/IMG_2248-90x60.jpg 90w, https:\/\/conadi.gob.gt\/web\/wp-content\/uploads\/2017\/08\/IMG_2248-180x120.jpg 180w, https:\/\/conadi.gob.gt\/web\/wp-content\/uploads\/2017\/08\/IMG_2248-95x64.jpg 95w\" sizes=\"auto, (max-width: 1024px) 100vw, 1024px\" \/><\/a><figcaption id=\"caption-attachment-4987\" class=\"wp-caption-text\">Pueblos indigenas con discapacidad<\/figcaption><\/figure>\n","protected":false},"excerpt":{"rendered":"<p>En conferencia de prensa el Consejo Nacional para la Atenci\u00f3n de las Personas con Discapacidad -CONADI- y el Fondo de Desarrollo Ind\u00edgena Guatemalteco -FODIGUA- hizo el lanzamiento del Encuentro de L\u00edderes Ind\u00edgenas con Discapacidad de Latinoam\u00e9rica a realizarse el 8 y 9 de agosto del a\u00f1o en curso. La mesa principal estuvo integrada por Jorge &hellip; <\/p>\n<p class=\"link-more\"><a href=\"https:\/\/conadi.gob.gt\/web\/lanzamiento-del-encuentro-de-lideres-indigenas-con-discapacidad\/\" class=\"more-link\">Leer m\u00e1s<span class=\"screen-reader-text\"> \u00abLanzamiento del Encuentro de L\u00edderes Ind\u00edgenas con Discapacidad.\u00bb<\/span><\/a><\/p>\n","protected":false},"author":7,"featured_media":0,"comment_status":"open","ping_status":"closed","sticky":false,"template":"","format":"standard","meta":{"footnotes":""},"categories":[3],"tags":[],"class_list":["post-4986","post","type-post","status-publish","format-standard","hentry","category-noticias"],"_links":{"self":[{"href":"https:\/\/conadi.gob.gt\/web\/wp-json\/wp\/v2\/posts\/4986","targetHints":{"allow":["GET"]}}],"collection":[{"href":"https:\/\/conadi.gob.gt\/web\/wp-json\/wp\/v2\/posts"}],"about":[{"href":"https:\/\/conadi.gob.gt\/web\/wp-json\/wp\/v2\/types\/post"}],"author":[{"embeddable":true,"href":"https:\/\/conadi.gob.gt\/web\/wp-json\/wp\/v2\/users\/7"}],"replies":[{"embeddable":true,"href":"https:\/\/conadi.gob.gt\/web\/wp-json\/wp\/v2\/comments?post=4986"}],"version-history":[{"count":3,"href":"https:\/\/conadi.gob.gt\/web\/wp-json\/wp\/v2\/posts\/4986\/revisions"}],"predecessor-version":[{"id":4990,"href":"https:\/\/conadi.gob.gt\/web\/wp-json\/wp\/v2\/posts\/4986\/revisions\/4990"}],"wp:attachment":[{"href":"https:\/\/conadi.gob.gt\/web\/wp-json\/wp\/v2\/media?parent=4986"}],"wp:term":[{"taxonomy":"category","embeddable":true,"href":"https:\/\/conadi.gob.gt\/web\/wp-json\/wp\/v2\/categories?post=4986"},{"taxonomy":"post_tag","embeddable":true,"href":"https:\/\/conadi.gob.gt\/web\/wp-json\/wp\/v2\/tags?post=4986"}],"curies":[{"name":"wp","href":"https:\/\/api.w.org\/{rel}","templated":true}]}}