{"id":5012,"date":"2017-08-28T17:02:12","date_gmt":"2017-08-28T17:02:12","guid":{"rendered":"http:\/\/conadi.gob.gt\/web\/?p=5012"},"modified":"2017-08-28T17:03:07","modified_gmt":"2017-08-28T17:03:07","slug":"5012","status":"publish","type":"post","link":"https:\/\/conadi.gob.gt\/web\/5012\/","title":{"rendered":"ENCUENTRO DE L\u00cdDERES DE PERSONAS IND\u00cdGENAS CON DISCAPACIDAD"},"content":{"rendered":"<p>En el marco del D\u00eda Internacional de los Pueblos Ind\u00edgena se llev\u00f3 a cabo el Encuentro de Lideres de Pueblos Ind\u00edgenas con Discapacidad organizado por el CONADI, con el apoyo de Fondo Ind\u00edgena Guatemalteco -FODIGUA- y cooperantes internacionales, \u00a0el 8 y 9 de agosto en la ciudad de Guatemala.<\/p>\n<p>&nbsp;<\/p>\n<p>De acuerdo a la Encuesta Nacional en Discapacidad -ENDIS 2016-, el 10.2% de la poblaci\u00f3n vive en condici\u00f3n de discapacidad en el pa\u00eds. La mayor\u00eda de la poblaci\u00f3n con discapacidad en Guatemala, habita en el \u00e1rea rural, constituida en pueblos ind\u00edgenas, comunidades que tienen una cosmovisi\u00f3n y cultura propia. Los pueblos ind\u00edge<span class=\"text_exposed_show\">nas en la regi\u00f3n latinoamericana, viven excluidos de la sociedad por estigmas sociales y culturales. Tal discriminaci\u00f3n es a\u00fan mayor cuando se vive en condici\u00f3n de discapacidad, es decir que las personas ind\u00edgenas con alg\u00fan tipo de discapacidad tienen un mayor grado de exclusi\u00f3n.<\/span><\/p>\n<p><span class=\"text_exposed_show\"><br \/>\nLuego de la evaluaci\u00f3n al Estado de Guatemala por el Comit\u00e9 de Expertos de las Naciones Unidas, respecto al cumplimiento e implementaci\u00f3n de la Convenci\u00f3n sobre los Derechos de las Personas con Discapacidad, se emitieron 83 observaciones y recomendaciones al Estado, para el Cumplimiento de referida Convenci\u00f3n, documento en donde se exhorta al Estado de Guatemala a realizar las acciones necesarias para que las personas con discapacidad, mayormente la poblaci\u00f3n de las comunidades ind\u00edgenas y de las \u00e1reas rurales, sean incluidas en los programas, proyectos y servicios que permitan su inclusi\u00f3n en la sociedad y la garant\u00eda de sus derechos humanos. <\/span><\/p>\n<p><span class=\"text_exposed_show\"><br \/>\nEn base a lo anterior el Consejo Nacional para la Atenci\u00f3n de las Personas con Discapacidad en conjunto con el Fondo de Desarrollo Ind\u00edgena Guatemalteco, la Alianza Internacional de Discapacidad y el Movimiento Mundial de Personas Ind\u00edgenas con Discapacidad, realizaron el primer Encuentro de L\u00edderes con Discapacidad de los Pueblos ind\u00edgenas en Guatemala.<br \/>\nEn este encuentro participar\u00e1n m\u00e1s de 30 l\u00edderes con discapacidad de los pueblos ind\u00edgenas de Guatemala, Ecuador, Colombia, M\u00e9xico, Per\u00fa, El Salvador y Venezuela. El evento tiene como objetivo la identificaci\u00f3n de vac\u00edos y oportunidades que tienen las personas con discapacidad de los pueblos ind\u00edgenas, haciendo una contextualizaci\u00f3n a nivel local y regional por expertos del Movimiento Mundial de Personas Ind\u00edgenas con Discapacidad y l\u00edderes ind\u00edgenas con discapacidad de Guatemala.<br \/>\nEn Latinoam\u00e9rica se han realizado por parte de grupos organizados de personas ind\u00edgenas con discapacidad, acciones que buscan visibilizar los derechos humanos de las personas ind\u00edgenas con discapacidad, asimismo, potenciar el liderazgo de este grupo de poblaci\u00f3n para su inclusi\u00f3n dentro de sus comunidades y la sociedad en general.<\/span><\/p>\n<p>&nbsp;<\/p>\n<p>&nbsp;<\/p>\n<figure id=\"attachment_5013\" aria-describedby=\"caption-attachment-5013\" style=\"width: 1024px\" class=\"wp-caption aligncenter\"><a href=\"https:\/\/conadi.gob.gt\/web\/wp-content\/uploads\/2017\/08\/Pueblos-indigenas.jpg\"><img loading=\"lazy\" decoding=\"async\" id=\"longdesc-return-5013\" class=\"size-large wp-image-5013\" src=\"https:\/\/conadi.gob.gt\/web\/wp-content\/uploads\/2017\/08\/Pueblos-indigenas-1024x1024.jpg\" alt=\"Lideres de pueblos ind\u00edgenas con discapacida\" width=\"1024\" height=\"1024\" longdesc=\"https:\/\/conadi.gob.gt\/web?longdesc=5013&amp;referrer=5012\" srcset=\"https:\/\/conadi.gob.gt\/web\/wp-content\/uploads\/2017\/08\/Pueblos-indigenas-1024x1024.jpg 1024w, https:\/\/conadi.gob.gt\/web\/wp-content\/uploads\/2017\/08\/Pueblos-indigenas-150x150.jpg 150w, https:\/\/conadi.gob.gt\/web\/wp-content\/uploads\/2017\/08\/Pueblos-indigenas-300x300.jpg 300w\" sizes=\"auto, (max-width: 1024px) 100vw, 1024px\" \/><\/a><figcaption id=\"caption-attachment-5013\" class=\"wp-caption-text\">Encuentro en Guatemala en el marco de los Pueblos Ind\u00edgenas<\/figcaption><\/figure>\n","protected":false},"excerpt":{"rendered":"<p>En el marco del D\u00eda Internacional de los Pueblos Ind\u00edgena se llev\u00f3 a cabo el Encuentro de Lideres de Pueblos Ind\u00edgenas con Discapacidad organizado por el CONADI, con el apoyo de Fondo Ind\u00edgena Guatemalteco -FODIGUA- y cooperantes internacionales, \u00a0el 8 y 9 de agosto en la ciudad de Guatemala. &nbsp; De acuerdo a la Encuesta &hellip; <\/p>\n<p class=\"link-more\"><a href=\"https:\/\/conadi.gob.gt\/web\/5012\/\" class=\"more-link\">Leer m\u00e1s<span class=\"screen-reader-text\"> \u00abENCUENTRO DE L\u00cdDERES DE PERSONAS IND\u00cdGENAS CON DISCAPACIDAD\u00bb<\/span><\/a><\/p>\n","protected":false},"author":7,"featured_media":0,"comment_status":"open","ping_status":"closed","sticky":false,"template":"","format":"standard","meta":{"footnotes":""},"categories":[3],"tags":[],"class_list":["post-5012","post","type-post","status-publish","format-standard","hentry","category-noticias"],"_links":{"self":[{"href":"https:\/\/conadi.gob.gt\/web\/wp-json\/wp\/v2\/posts\/5012","targetHints":{"allow":["GET"]}}],"collection":[{"href":"https:\/\/conadi.gob.gt\/web\/wp-json\/wp\/v2\/posts"}],"about":[{"href":"https:\/\/conadi.gob.gt\/web\/wp-json\/wp\/v2\/types\/post"}],"author":[{"embeddable":true,"href":"https:\/\/conadi.gob.gt\/web\/wp-json\/wp\/v2\/users\/7"}],"replies":[{"embeddable":true,"href":"https:\/\/conadi.gob.gt\/web\/wp-json\/wp\/v2\/comments?post=5012"}],"version-history":[{"count":2,"href":"https:\/\/conadi.gob.gt\/web\/wp-json\/wp\/v2\/posts\/5012\/revisions"}],"predecessor-version":[{"id":5015,"href":"https:\/\/conadi.gob.gt\/web\/wp-json\/wp\/v2\/posts\/5012\/revisions\/5015"}],"wp:attachment":[{"href":"https:\/\/conadi.gob.gt\/web\/wp-json\/wp\/v2\/media?parent=5012"}],"wp:term":[{"taxonomy":"category","embeddable":true,"href":"https:\/\/conadi.gob.gt\/web\/wp-json\/wp\/v2\/categories?post=5012"},{"taxonomy":"post_tag","embeddable":true,"href":"https:\/\/conadi.gob.gt\/web\/wp-json\/wp\/v2\/tags?post=5012"}],"curies":[{"name":"wp","href":"https:\/\/api.w.org\/{rel}","templated":true}]}}