{"id":5017,"date":"2017-08-28T17:31:20","date_gmt":"2017-08-28T17:31:20","guid":{"rendered":"http:\/\/conadi.gob.gt\/web\/?p=5017"},"modified":"2017-08-28T17:31:20","modified_gmt":"2017-08-28T17:31:20","slug":"riadis-e-icevi-latinoamerica-firman-convenio-sobre-acceso-a-la-educacion-de-las-personas-con-discapacidad","status":"publish","type":"post","link":"https:\/\/conadi.gob.gt\/web\/riadis-e-icevi-latinoamerica-firman-convenio-sobre-acceso-a-la-educacion-de-las-personas-con-discapacidad\/","title":{"rendered":"RIADIS e ICEVI Latinoamerica firman convenio sobre acceso a la Educaci\u00f3n de las Personas con Discapacidad"},"content":{"rendered":"<p>La Red Latinoamericana de organizaciones no gubernamentales de personas con discapacidad y sus familias -RIADIS- e ICEVI-Latinoamerica Regional del Consejo Internacional para la Educaci\u00f3n de las Personas con Discapacidad Visual, suscribieron un convenio de colaboraci\u00f3n el 10 de agosto en la ciudad de Guatemala. El convenio busca enfatizar el accionar conjunto en la defensa de los derechos al acceso a la educaci\u00f3n y rehabilitaci\u00f3n de las personas con di<span class=\"text_exposed_show\">scapacidad de Am\u00e9rica Latina.<br \/>\nProcurando se enfaticen y cumplan los enunciados de la Convenci\u00f3n sobre los Derechos de las Personas con Discapacidad de las Naciones Unidas, los objetivos de desarrollo sostenible y el tratado de Marrakech como instrumentos fundamentales para el acceso a una educaci\u00f3n inclusiva y de calidad.<br \/>\nA trav\u00e9s de acciones de capacitaci\u00f3n a maestros y profesionales que trabajan con personas con discapacidad, asimismo contribuir al empoderamiento de los padres de familia para que sean proactivos en el pleno cumplimiento de los derechos de sus hijos.<br \/>\nCon el accionar conjunto de ambas organizaciones se busca incidir en los gobiernos de la regi\u00f3n, con el apoyo de los entes rectores de discapacidad de cada naci\u00f3n, para que plasmen en acciones concretas los enunciados de los instrumentos mencionados.<br \/>\nEl convenio espera contribuir con la reducci\u00f3n de los \u00edndices de exclusi\u00f3n que enfrentan alrededor de 90 millones de personas con discapacidad en Am\u00e9rica Latina, de los cuales el 80% vive en pobreza y pobreza extrema sin este tipo de apoyos.<br \/>\nLas organizaciones firmantes extienden su p\u00fablico reconocimiento al Consejo Nacional para la Atenci\u00f3n de las Personas con Discapacidad por el apoyo recibido para la viabilizaci\u00f3n de la firma de este convenio.<\/span><\/p>\n<p>&nbsp;<\/p>\n<p>&nbsp;<\/p>\n<figure id=\"attachment_5018\" aria-describedby=\"caption-attachment-5018\" style=\"width: 1024px\" class=\"wp-caption aligncenter\"><a href=\"https:\/\/conadi.gob.gt\/web\/wp-content\/uploads\/2017\/08\/icevi-riadis.jpg\"><img loading=\"lazy\" decoding=\"async\" id=\"longdesc-return-5018\" class=\"size-large wp-image-5018\" src=\"https:\/\/conadi.gob.gt\/web\/wp-content\/uploads\/2017\/08\/icevi-riadis-1024x1024.jpg\" alt=\"Suscripci\u00f3n ICEVI RIADIS\" width=\"1024\" height=\"1024\" longdesc=\"https:\/\/conadi.gob.gt\/web?longdesc=5018&amp;referrer=5017\" srcset=\"https:\/\/conadi.gob.gt\/web\/wp-content\/uploads\/2017\/08\/icevi-riadis-1024x1024.jpg 1024w, https:\/\/conadi.gob.gt\/web\/wp-content\/uploads\/2017\/08\/icevi-riadis-150x150.jpg 150w, https:\/\/conadi.gob.gt\/web\/wp-content\/uploads\/2017\/08\/icevi-riadis-300x300.jpg 300w\" sizes=\"auto, (max-width: 1024px) 100vw, 1024px\" \/><\/a><figcaption id=\"caption-attachment-5018\" class=\"wp-caption-text\">Convenio ICEBI-RIADIS<\/figcaption><\/figure>\n","protected":false},"excerpt":{"rendered":"<p>La Red Latinoamericana de organizaciones no gubernamentales de personas con discapacidad y sus familias -RIADIS- e ICEVI-Latinoamerica Regional del Consejo Internacional para la Educaci\u00f3n de las Personas con Discapacidad Visual, suscribieron un convenio de colaboraci\u00f3n el 10 de agosto en la ciudad de Guatemala. El convenio busca enfatizar el accionar conjunto en la defensa de &hellip; <\/p>\n<p class=\"link-more\"><a href=\"https:\/\/conadi.gob.gt\/web\/riadis-e-icevi-latinoamerica-firman-convenio-sobre-acceso-a-la-educacion-de-las-personas-con-discapacidad\/\" class=\"more-link\">Leer m\u00e1s<span class=\"screen-reader-text\"> \u00abRIADIS e ICEVI Latinoamerica firman convenio sobre acceso a la Educaci\u00f3n de las Personas con Discapacidad\u00bb<\/span><\/a><\/p>\n","protected":false},"author":7,"featured_media":0,"comment_status":"open","ping_status":"closed","sticky":false,"template":"","format":"standard","meta":{"footnotes":""},"categories":[3],"tags":[],"class_list":["post-5017","post","type-post","status-publish","format-standard","hentry","category-noticias"],"_links":{"self":[{"href":"https:\/\/conadi.gob.gt\/web\/wp-json\/wp\/v2\/posts\/5017","targetHints":{"allow":["GET"]}}],"collection":[{"href":"https:\/\/conadi.gob.gt\/web\/wp-json\/wp\/v2\/posts"}],"about":[{"href":"https:\/\/conadi.gob.gt\/web\/wp-json\/wp\/v2\/types\/post"}],"author":[{"embeddable":true,"href":"https:\/\/conadi.gob.gt\/web\/wp-json\/wp\/v2\/users\/7"}],"replies":[{"embeddable":true,"href":"https:\/\/conadi.gob.gt\/web\/wp-json\/wp\/v2\/comments?post=5017"}],"version-history":[{"count":1,"href":"https:\/\/conadi.gob.gt\/web\/wp-json\/wp\/v2\/posts\/5017\/revisions"}],"predecessor-version":[{"id":5019,"href":"https:\/\/conadi.gob.gt\/web\/wp-json\/wp\/v2\/posts\/5017\/revisions\/5019"}],"wp:attachment":[{"href":"https:\/\/conadi.gob.gt\/web\/wp-json\/wp\/v2\/media?parent=5017"}],"wp:term":[{"taxonomy":"category","embeddable":true,"href":"https:\/\/conadi.gob.gt\/web\/wp-json\/wp\/v2\/categories?post=5017"},{"taxonomy":"post_tag","embeddable":true,"href":"https:\/\/conadi.gob.gt\/web\/wp-json\/wp\/v2\/tags?post=5017"}],"curies":[{"name":"wp","href":"https:\/\/api.w.org\/{rel}","templated":true}]}}