{"id":5020,"date":"2017-08-28T17:40:41","date_gmt":"2017-08-28T17:40:41","guid":{"rendered":"http:\/\/conadi.gob.gt\/web\/?p=5020"},"modified":"2017-08-28T17:41:17","modified_gmt":"2017-08-28T17:41:17","slug":"el-conadi-y-cronistas-deportivos-guatemalteco-suscriben-carta-de-entendimiento","status":"publish","type":"post","link":"https:\/\/conadi.gob.gt\/web\/el-conadi-y-cronistas-deportivos-guatemalteco-suscriben-carta-de-entendimiento\/","title":{"rendered":"El CONADI y Cronistas Deportivos Guatemaltecos suscriben carta de entendimiento"},"content":{"rendered":"<p>&nbsp;<\/p>\n<p>El Consejo Nacional para la Atenci\u00f3n de las Personas con Discapacidad \u2013CONADI- y los Cronistas Deportivos Guatemaltecos -CDG-, suscribieron una carta de entendimiento, con la finalidad de dar cumplimiento a los compromisos adoptados por el Estado de Guatemala en materia de derechos de las personas con discapacidad, espec\u00edficamente en la promoci\u00f3n e inclusi\u00f3n de la poblaci\u00f3n con discapacidad en las diferentes disciplinas deportivas. Asimismo los Cronistas Deportivos Guatemalte<span class=\"text_exposed_show\">cos deber\u00e1n institucionalizar la tem\u00e1tica de discapacidad.<\/span><\/p>\n<div class=\"text_exposed_show\">\n<p>La firma de la carta de entendimiento se realiz\u00f3 el mi\u00e9rcoles 23 de agosto de 2017, misma que fue suscrita entre el presidente de CDG, Ricardo Alberto L\u00f3pez Garc\u00eda y el presidente del CONADI, Sr. Jorge Enrique Yat Max.<\/p>\n<p>Los Cronistas Deportivos Guatemaltecos asumen las siguientes responsabilidades:<\/p>\n<p>1. Revisar y analizar las pol\u00edticas institucionales e incorporar la tem\u00e1tica de la discapacidad.<\/p>\n<p>2. Dar cumplimiento, derivado del examen de pa\u00eds y sus recomendaciones, realizado en 2016, donde orienta manejar de manera positiva la imagen de las personas con discapacidad y alej\u00e1ndose as\u00ed del paradigma asistencialista<\/p>\n<p>3. Inclusi\u00f3n de profesionales de la comunicaci\u00f3n, con discapacidad, con proyecci\u00f3n deportiva en la entidad.<\/p>\n<p>4. Promoci\u00f3n del deporte en las diferentes disciplinas deportivas adaptadas que involucran a atletas con discapacidad<\/p>\n<p>Por parte del CONADI:<\/p>\n<p>1. Asesorar en la aplicaci\u00f3n y cumplimiento de la inclusi\u00f3n del componente de discapacidad en la pol\u00edtica de Cronistas Deportivos Guatemaltecos.<\/p>\n<p>2. Se posicione ante los integrantes de los Cronistas Deportivos Guatemaltecos, la terminolog\u00eda adecuada hacia la poblaci\u00f3n con discapacidad, mediante capacitaciones y material escrito.<\/p>\n<p>3. Como ente asesor, coordinador e impulsor de las pol\u00edticas generales en materia de discapacidad, valide la o las campa\u00f1as deportivas, que aborde el tema de discapacidad, o bien cuando la o las mismas incluyan la participaci\u00f3n de personas con discapacidad.<\/p>\n<p>4. Promoci\u00f3n del deporte en las diferentes disciplinas deportivas adaptadas que involucran a atletas con discapacidad.<\/p>\n<\/div>\n<p>&nbsp;<\/p>\n<figure id=\"attachment_5021\" aria-describedby=\"caption-attachment-5021\" style=\"width: 1024px\" class=\"wp-caption aligncenter\"><a href=\"https:\/\/conadi.gob.gt\/web\/wp-content\/uploads\/2017\/08\/CONADI-CRONISTAS.jpg\"><img loading=\"lazy\" decoding=\"async\" id=\"longdesc-return-5021\" class=\"size-large wp-image-5021\" src=\"https:\/\/conadi.gob.gt\/web\/wp-content\/uploads\/2017\/08\/CONADI-CRONISTAS-1024x568.jpg\" alt=\"Cronistas deportivos y CONADI\" width=\"1024\" height=\"568\" longdesc=\"https:\/\/conadi.gob.gt\/web?longdesc=5021&amp;referrer=5020\" srcset=\"https:\/\/conadi.gob.gt\/web\/wp-content\/uploads\/2017\/08\/CONADI-CRONISTAS-1024x568.jpg 1024w, https:\/\/conadi.gob.gt\/web\/wp-content\/uploads\/2017\/08\/CONADI-CRONISTAS-300x166.jpg 300w\" sizes=\"auto, (max-width: 1024px) 100vw, 1024px\" \/><\/a><figcaption id=\"caption-attachment-5021\" class=\"wp-caption-text\">Carta de entendimiento<\/figcaption><\/figure>\n","protected":false},"excerpt":{"rendered":"<p>&nbsp; El Consejo Nacional para la Atenci\u00f3n de las Personas con Discapacidad \u2013CONADI- y los Cronistas Deportivos Guatemaltecos -CDG-, suscribieron una carta de entendimiento, con la finalidad de dar cumplimiento a los compromisos adoptados por el Estado de Guatemala en materia de derechos de las personas con discapacidad, espec\u00edficamente en la promoci\u00f3n e inclusi\u00f3n de &hellip; <\/p>\n<p class=\"link-more\"><a href=\"https:\/\/conadi.gob.gt\/web\/el-conadi-y-cronistas-deportivos-guatemalteco-suscriben-carta-de-entendimiento\/\" class=\"more-link\">Leer m\u00e1s<span class=\"screen-reader-text\"> \u00abEl CONADI y Cronistas Deportivos Guatemaltecos suscriben carta de entendimiento\u00bb<\/span><\/a><\/p>\n","protected":false},"author":7,"featured_media":0,"comment_status":"open","ping_status":"closed","sticky":false,"template":"","format":"standard","meta":{"footnotes":""},"categories":[3],"tags":[],"class_list":["post-5020","post","type-post","status-publish","format-standard","hentry","category-noticias"],"_links":{"self":[{"href":"https:\/\/conadi.gob.gt\/web\/wp-json\/wp\/v2\/posts\/5020","targetHints":{"allow":["GET"]}}],"collection":[{"href":"https:\/\/conadi.gob.gt\/web\/wp-json\/wp\/v2\/posts"}],"about":[{"href":"https:\/\/conadi.gob.gt\/web\/wp-json\/wp\/v2\/types\/post"}],"author":[{"embeddable":true,"href":"https:\/\/conadi.gob.gt\/web\/wp-json\/wp\/v2\/users\/7"}],"replies":[{"embeddable":true,"href":"https:\/\/conadi.gob.gt\/web\/wp-json\/wp\/v2\/comments?post=5020"}],"version-history":[{"count":2,"href":"https:\/\/conadi.gob.gt\/web\/wp-json\/wp\/v2\/posts\/5020\/revisions"}],"predecessor-version":[{"id":5023,"href":"https:\/\/conadi.gob.gt\/web\/wp-json\/wp\/v2\/posts\/5020\/revisions\/5023"}],"wp:attachment":[{"href":"https:\/\/conadi.gob.gt\/web\/wp-json\/wp\/v2\/media?parent=5020"}],"wp:term":[{"taxonomy":"category","embeddable":true,"href":"https:\/\/conadi.gob.gt\/web\/wp-json\/wp\/v2\/categories?post=5020"},{"taxonomy":"post_tag","embeddable":true,"href":"https:\/\/conadi.gob.gt\/web\/wp-json\/wp\/v2\/tags?post=5020"}],"curies":[{"name":"wp","href":"https:\/\/api.w.org\/{rel}","templated":true}]}}