{"id":5093,"date":"2017-10-14T17:42:15","date_gmt":"2017-10-14T17:42:15","guid":{"rendered":"http:\/\/conadi.gob.gt\/web\/?p=5093"},"modified":"2017-10-14T17:42:15","modified_gmt":"2017-10-14T17:42:15","slug":"bases-para-postulacion-homenaje-3-de-diciembre-2017","status":"publish","type":"post","link":"https:\/\/conadi.gob.gt\/web\/bases-para-postulacion-homenaje-3-de-diciembre-2017\/","title":{"rendered":"Bases para Postulaci\u00f3n Homenaje 3 de diciembre 2017"},"content":{"rendered":"<p><a href=\"https:\/\/conadi.gob.gt\/web\/wp-content\/uploads\/2017\/10\/BASES-DE-POSTULACI\u00d3N-2017.docx\" rel=\"noopener\" target=\"_blank\">Descargalo aqu\u00ed en word<\/a><\/p>\n<p><a href=\"https:\/\/conadi.gob.gt\/web\/wp-content\/uploads\/2017\/10\/Bases-para-Postulacion.pdf\" rel=\"noopener\" target=\"_blank\">Descargalo aqu\u00ed en pdf<\/a><\/p>\n<p>Bases para Postulaci\u00f3n de Personas a Homenajear en el Marco del 3 de Diciembre del 2017, D\u00eda Internacional de las Personas con Discapacidad<\/p>\n<p>Responsable: Consejo Nacional para la Atenci\u00f3n de las Personas con Discapacidad<br \/>\nCoordinaci\u00f3n:Comisi\u00f3n  Organizadora de las Actividades Conmemorativas del 03 de diciembre, nombrada por el Consejo de Delegados<br \/>\nLugar: Ciudad capital de Guatemala<br \/>\nEl Consejo Nacional para la Atenci\u00f3n de las Personas con Discapacidad \u2013CONADI-, convoca a la postulaci\u00f3n de candidatos a homenajear en el marco del 03 de diciembre, D\u00eda Internacional de las Personas con Discapacidad, para ser propuestas como embajadoras de la paz y para participar en  el  programa c\u00edvico del Banco Industrial para el 2017, de conformidad con las siguientes bases:<br \/>\n1)\tDe los Participantes: Podr\u00e1n participar todas las personas con o sin discapacidad que a criterio de organizaciones e instituciones vinculadas a la tem\u00e1tica de discapacidad, merezcan ser distinguidas y reconocidas por sus aportes a los programas y pol\u00edticas de educaci\u00f3n, deportes, cultura, salud, desarrollo de las organizaciones de personas con discapacidad, rehabilitaci\u00f3n y promoci\u00f3n de derechos de la poblaci\u00f3n con discapacidad de Guatemala.<\/p>\n<p>2)\tDe los Postulantes: Podr\u00e1n postular candidatos las organizaciones de personas con  discapacidad de todo el territorio nacional, instituciones p\u00fablicas y privadas  prestadoras de servicios e  instituciones de derechos humanos.<\/p>\n<p>3)\tDe la Forma de Postulaci\u00f3n: Se har\u00e1 por escrito en nota dirigida a la Comisi\u00f3nOrganizadora de las actividades conmemorativas del 3 dediciembre, acompa\u00f1ando a la nota, la hoja de vida  de la persona postulada, la que debe estar  contenida en hojas tama\u00f1o carta y escritas a rengl\u00f3n abierto. En la carta de propuesta, deben  indicarse los motivos por los cuales se postula a las personas.<\/p>\n<p>4)\tFecha de recepci\u00f3n de las propuestas: Las propuestas de candidatos se estar\u00e1n recibiendo del 10 al 31 de octubre del 2017, en horarios h\u00e1biles en la recepci\u00f3n del CONADI  1\u00aa. Avenida 4-18 zona 1<\/p>\n<p>5)\tDe la forma de presentaci\u00f3n de los expedientes: Los expedientes de los candidatos deber\u00e1n presentarse en un sobre cerrado, con la leyenda en la portada \u201ccandidato para las Actividades Conmemorativas del 03 de Diciembre\u201d<br \/>\n6)\tDe las Personas Seleccionadas: Se seleccionar\u00e1 una persona para participar en el programa c\u00edvico del Banco Industrial y una persona para ser declarada como Embajadora de la Paz. La elecci\u00f3n se realizar\u00e1 en los 5 d\u00edas h\u00e1biles siguientes a la fecha l\u00edmite de recepci\u00f3n de propuestas  y las personas elegidas ser\u00e1n notificadas inmediatamente, a fin que cuenten con el tiempo suficiente para prepararse  y participar en el acto que  ser\u00e1 dado en su honor.<\/p>\n<p>7)\tDe los Criterios de Selecci\u00f3n:<br \/>\n\uf0a7\tNo se establece l\u00edmite de edad para ser declarado como embajador\/a de la paz, debiendo ser una persona con discapacidad<br \/>\n\uf0a7\tMayor de 55 a\u00f1os para el programa c\u00edvico del Banco Industrial<br \/>\n\uf0a7\tLa o las personas, deber\u00e1n ser propuestas por una organizaci\u00f3n o instituci\u00f3n p\u00fablica o privada vinculada a la tem\u00e1tica de discapacidad en el territorio nacional o entidades afines<br \/>\n\uf0a7\tLa o las personas propuestas, deber\u00e1n presentar evidencias de la  labor favorable a las pol\u00edticas y programas deeducaci\u00f3n,deportes, cultura, salud, rehabilitaci\u00f3n, equiparaci\u00f3n de derechos de las personas con discapacidad,  desarrollo de las organizaciones de personas con discapacidad y sus familias,y\/o si los tuviere, m\u00e9ritos (diplomas, reconocimientos, estudios, investigaciones) de su buen trabajo en la promoci\u00f3n de los derechos de las personas con discapacidad<br \/>\n\uf0a7\tSer\u00e1n personas de reconocida honorabilidad.<\/p>\n<p>8)\tDel Jurado Calificador: El jurado estar\u00e1 integrado por los  3 miembros de la Comisi\u00f3n Extraordinaria de las Actividades Conmemorativas del D\u00eda Internacional de las Personas con Discapacidad; quienes tendr\u00e1n a su cargo la calificaci\u00f3n de los expedientes. La comisi\u00f3n entregar\u00e1 las bases de participaci\u00f3n y dictamena la Junta Directiva, instancia que los dar\u00e1 a conocer a trav\u00e9s de los distintos medios de comunicaci\u00f3n que el CONADI tiene a su alcance.<\/p>\n<p>De no existir m\u00e1s de 2 personas postuladas, el jurado calificador declarar\u00e1 desierto el concurso y la comisi\u00f3n organizadora de las actividades conmemorativas del 03 de diciembre, podr\u00e1 designar a las personas a homenajear, decisi\u00f3n que ser\u00e1 avalada por la Junta Directiva del CONADI.<\/p>\n<p>9)\tDe la  Premiaci\u00f3n: La persona que sea homenajeada como Embajadora de la Paz,  participar\u00e1 en el acto conmemorativo del 03 de diciembre. En el caso de la persona  seleccionada para el Programa C\u00edvico del Banco Industrial, se har\u00e1n las gestiones para que dicha entidad financiera, le declare como ciudadano  distinguido en su programa c\u00edvico. <\/p>\n<p>10)\tEl CONADI otorgar\u00e1 al ganador de Embajador\/a de la Paz una plaqueta de reconocimiento y un premio a determinar; asimismo, har\u00e1 una publicaci\u00f3n de prensa donde se informe acerca de los ganadores.<\/p>\n<p>Secretaria Junta Directiva<\/p>\n","protected":false},"excerpt":{"rendered":"<p>Descargalo aqu\u00ed en word Descargalo aqu\u00ed en pdf Bases para Postulaci\u00f3n de Personas a Homenajear en el Marco del 3 de Diciembre del 2017, D\u00eda Internacional de las Personas con Discapacidad Responsable: Consejo Nacional para la Atenci\u00f3n de las Personas con Discapacidad Coordinaci\u00f3n:Comisi\u00f3n Organizadora de las Actividades Conmemorativas del 03 de diciembre, nombrada por el &hellip; <\/p>\n<p class=\"link-more\"><a href=\"https:\/\/conadi.gob.gt\/web\/bases-para-postulacion-homenaje-3-de-diciembre-2017\/\" class=\"more-link\">Leer m\u00e1s<span class=\"screen-reader-text\"> \u00abBases para Postulaci\u00f3n Homenaje 3 de diciembre 2017\u00bb<\/span><\/a><\/p>\n","protected":false},"author":7,"featured_media":0,"comment_status":"open","ping_status":"closed","sticky":false,"template":"","format":"standard","meta":{"footnotes":""},"categories":[1],"tags":[],"class_list":["post-5093","post","type-post","status-publish","format-standard","hentry","category-sin-categoria"],"_links":{"self":[{"href":"https:\/\/conadi.gob.gt\/web\/wp-json\/wp\/v2\/posts\/5093","targetHints":{"allow":["GET"]}}],"collection":[{"href":"https:\/\/conadi.gob.gt\/web\/wp-json\/wp\/v2\/posts"}],"about":[{"href":"https:\/\/conadi.gob.gt\/web\/wp-json\/wp\/v2\/types\/post"}],"author":[{"embeddable":true,"href":"https:\/\/conadi.gob.gt\/web\/wp-json\/wp\/v2\/users\/7"}],"replies":[{"embeddable":true,"href":"https:\/\/conadi.gob.gt\/web\/wp-json\/wp\/v2\/comments?post=5093"}],"version-history":[{"count":1,"href":"https:\/\/conadi.gob.gt\/web\/wp-json\/wp\/v2\/posts\/5093\/revisions"}],"predecessor-version":[{"id":5096,"href":"https:\/\/conadi.gob.gt\/web\/wp-json\/wp\/v2\/posts\/5093\/revisions\/5096"}],"wp:attachment":[{"href":"https:\/\/conadi.gob.gt\/web\/wp-json\/wp\/v2\/media?parent=5093"}],"wp:term":[{"taxonomy":"category","embeddable":true,"href":"https:\/\/conadi.gob.gt\/web\/wp-json\/wp\/v2\/categories?post=5093"},{"taxonomy":"post_tag","embeddable":true,"href":"https:\/\/conadi.gob.gt\/web\/wp-json\/wp\/v2\/tags?post=5093"}],"curies":[{"name":"wp","href":"https:\/\/api.w.org\/{rel}","templated":true}]}}