{"id":5105,"date":"2017-10-31T21:28:57","date_gmt":"2017-10-31T21:28:57","guid":{"rendered":"http:\/\/conadi.gob.gt\/web\/?p=5105"},"modified":"2017-10-31T21:30:53","modified_gmt":"2017-10-31T21:30:53","slug":"5105","status":"publish","type":"post","link":"https:\/\/conadi.gob.gt\/web\/5105\/","title":{"rendered":"SE PROPONE INTEGRACI\u00d3N DE ENTIDADES DE DISCAPACIDAD EN CENTROAM\u00c9RICA"},"content":{"rendered":"<p>&nbsp;<\/p>\n<p>Encuentro del Consejo Nacional para la Atenci\u00f3n de las Personas con Discapacidad, -CONADI-\u00a0con la secretar\u00eda general del Sistema de Integraci\u00f3n Centroamericana, a cargo del Licenciado Marco Vinicio Cerezo Ar\u00e9valo, adem\u00e1s asistieron representantes de los Consejos de Personas con Discapacidad de Centro Am\u00e9rica. Cerezo manifest\u00f3 su apoyo a la propuesta, indicando que est\u00e1 en concordancia con la pol\u00edtica de trabajo de la actual administraci\u00f3n del SICA, que persigue un trabajo por y con la poblaci\u00f3n, especialmente con los grupos considerados vulnerables.<\/p>\n<p>Por parte del CONADI, particip\u00f3 el se\u00f1or Jorge Enrique Yat Max, presidente, Sebasti\u00e1n Toledo, director; Jonathan Natareno, jefe de Incidencia Pol\u00edtica y Joaqu\u00edn Monterroso, delegado e integrante de la comisi\u00f3n de Participaci\u00f3n Ciudadana, en tanto del Consejo Nacional de Atenci\u00f3n Integral a las Personas con Discapacidad -CONAIPD- del Salvador particip\u00f3 la directora ejecutiva, Vilma Zalda\u00f1a de Chiquillo.<\/p>\n<p>La propuesta se presentar\u00e1 en la pr\u00f3xima reuni\u00f3n del SICA, el 13 de diciembre en la Rep\u00fablica Dominicana, donde \u00a0se contar\u00e1 con la\u00a0 participaci\u00f3n de representantes del Estado de Guatemala, quienes deber\u00e1n respaldar el planteamiento del CONADI y aprobar la instancia que se propone, en cumplimiento de los compromisos adoptados por los Estados de la regi\u00f3n del SICA.<\/p>\n<p>&nbsp;<\/p>\n<figure id=\"attachment_5106\" aria-describedby=\"caption-attachment-5106\" style=\"width: 1024px\" class=\"wp-caption aligncenter\"><a href=\"https:\/\/conadi.gob.gt\/web\/wp-content\/uploads\/2017\/10\/sica.jpg\"><img loading=\"lazy\" decoding=\"async\" id=\"longdesc-return-5106\" class=\"size-large wp-image-5106\" src=\"https:\/\/conadi.gob.gt\/web\/wp-content\/uploads\/2017\/10\/sica-1024x1024.jpg\" alt=\"SICA CONADI\" width=\"1024\" height=\"1024\" longdesc=\"https:\/\/conadi.gob.gt\/web?longdesc=5106&amp;referrer=5105\" srcset=\"https:\/\/conadi.gob.gt\/web\/wp-content\/uploads\/2017\/10\/sica-1024x1024.jpg 1024w, https:\/\/conadi.gob.gt\/web\/wp-content\/uploads\/2017\/10\/sica-150x150.jpg 150w, https:\/\/conadi.gob.gt\/web\/wp-content\/uploads\/2017\/10\/sica-300x300.jpg 300w\" sizes=\"auto, (max-width: 1024px) 100vw, 1024px\" \/><\/a><figcaption id=\"caption-attachment-5106\" class=\"wp-caption-text\">Presentaci\u00f3n de proyecto de integraci\u00f3n de entes coordinadores de discapacidad en C.A.<\/figcaption><\/figure>\n","protected":false},"excerpt":{"rendered":"<p>&nbsp; Encuentro del Consejo Nacional para la Atenci\u00f3n de las Personas con Discapacidad, -CONADI-\u00a0con la secretar\u00eda general del Sistema de Integraci\u00f3n Centroamericana, a cargo del Licenciado Marco Vinicio Cerezo Ar\u00e9valo, adem\u00e1s asistieron representantes de los Consejos de Personas con Discapacidad de Centro Am\u00e9rica. Cerezo manifest\u00f3 su apoyo a la propuesta, indicando que est\u00e1 en concordancia &hellip; <\/p>\n<p class=\"link-more\"><a href=\"https:\/\/conadi.gob.gt\/web\/5105\/\" class=\"more-link\">Leer m\u00e1s<span class=\"screen-reader-text\"> \u00abSE PROPONE INTEGRACI\u00d3N DE ENTIDADES DE DISCAPACIDAD EN CENTROAM\u00c9RICA\u00bb<\/span><\/a><\/p>\n","protected":false},"author":7,"featured_media":0,"comment_status":"open","ping_status":"closed","sticky":false,"template":"","format":"standard","meta":{"footnotes":""},"categories":[3],"tags":[],"class_list":["post-5105","post","type-post","status-publish","format-standard","hentry","category-noticias"],"_links":{"self":[{"href":"https:\/\/conadi.gob.gt\/web\/wp-json\/wp\/v2\/posts\/5105","targetHints":{"allow":["GET"]}}],"collection":[{"href":"https:\/\/conadi.gob.gt\/web\/wp-json\/wp\/v2\/posts"}],"about":[{"href":"https:\/\/conadi.gob.gt\/web\/wp-json\/wp\/v2\/types\/post"}],"author":[{"embeddable":true,"href":"https:\/\/conadi.gob.gt\/web\/wp-json\/wp\/v2\/users\/7"}],"replies":[{"embeddable":true,"href":"https:\/\/conadi.gob.gt\/web\/wp-json\/wp\/v2\/comments?post=5105"}],"version-history":[{"count":3,"href":"https:\/\/conadi.gob.gt\/web\/wp-json\/wp\/v2\/posts\/5105\/revisions"}],"predecessor-version":[{"id":5109,"href":"https:\/\/conadi.gob.gt\/web\/wp-json\/wp\/v2\/posts\/5105\/revisions\/5109"}],"wp:attachment":[{"href":"https:\/\/conadi.gob.gt\/web\/wp-json\/wp\/v2\/media?parent=5105"}],"wp:term":[{"taxonomy":"category","embeddable":true,"href":"https:\/\/conadi.gob.gt\/web\/wp-json\/wp\/v2\/categories?post=5105"},{"taxonomy":"post_tag","embeddable":true,"href":"https:\/\/conadi.gob.gt\/web\/wp-json\/wp\/v2\/tags?post=5105"}],"curies":[{"name":"wp","href":"https:\/\/api.w.org\/{rel}","templated":true}]}}