{"id":5110,"date":"2017-10-31T21:42:08","date_gmt":"2017-10-31T21:42:08","guid":{"rendered":"http:\/\/conadi.gob.gt\/web\/?p=5110"},"modified":"2017-10-31T21:42:08","modified_gmt":"2017-10-31T21:42:08","slug":"convenio-busca-incluir-a-personas-con-discapacidad-en-gestion-de-riesgo-ante-desastres","status":"publish","type":"post","link":"https:\/\/conadi.gob.gt\/web\/convenio-busca-incluir-a-personas-con-discapacidad-en-gestion-de-riesgo-ante-desastres\/","title":{"rendered":"CONVENIO BUSCA INCLUIR A PERSONAS CON DISCAPACIDAD EN GESTI\u00d3N DE RIESGO ANTE DESASTRES"},"content":{"rendered":"<p>El Consejo Nacional para la Atenci\u00f3n de las Personas con Discapacidad -CONADI- y ASB Alemania suscribieron un convenio de cooperaci\u00f3n el 26 de octubre de 2017. La finalidad de esta alianza es incluir a la poblaci\u00f3n con discapacidad en las acciones relacionadas con emergencias, tales como la gesti\u00f3n integral de riesgos ante desastres, seguridad alimentaria, entre otros temas.<br \/>\nEl convenio fue firmado por el representante de ASB para la oficina de Latinoam\u00e9rica Alejandro Zurita<span class=\"text_exposed_show\"> y por el sr. Jorge Enrique Yat Max, presidente del CONADI.<br \/>\nASB es una organizaci\u00f3n con sede en Alemania, que trabaja en temas de salud, primeros auxilios, ni\u00f1ez, discapacidad, servicios a adultos mayores, y en su faceta de cooperante internacional, atiende una oficina para Am\u00e9rica Latina.<br \/>\nEl Conadi, es el ente coordinador, asesor e impulsos que incide en las pol\u00edticas generales del Estado, para asegurar el cumplimiento de los derechos humanos y libertades fundamentales de las personas con discapacidad en Guatemala.<br \/>\nUna de las estrategias del CONADI para avanzar en el cumplimiento de los derechos de las personas con discapacidad ha sido la firma de convenios con instituciones del Estado y con organizaciones internacionales cooperantes, con la finalidad de vincular el tema de discapacidad en los programas, proyectos, planes de cada entidad.<br \/>\nCabe destacar que ASB y el CONADI ya han realizado varias acciones de manera conjunta y con esta alianza se pretende complementar el trabajado de cada instituci\u00f3n con el asesoramiento y la inclusi\u00f3n de temas relacionados con emergencias y sobre discapacidad.<br \/>\nEn la actualidad ASB lleva a cabo en dos proyectos, uno de ellos regional, que incluye a los pa\u00edses de Nicaragua, El Salvador, Honduras y Guatemala. En este \u00faltimo se han brindado capacitaciones sobre gesti\u00f3n integral de riesgos ante desastres, en los departamentos de Totonicap\u00e1n y Quetzaltenango, eventos donde han participado organizaciones de personas con discapacidad.<br \/>\nOtro proyecto que lleva a cabo ASB en el pa\u00eds, est\u00e1 relacionado con la seguridad alimentaria e inician a realizar acciones en Huehuetenango, Quiche, Chiquimula y Guatemala. Ahora con esta suscripci\u00f3n se buscar\u00e1 mayor inclusi\u00f3n de la poblaci\u00f3n con discapacidad en los proyectos relacionados con emergencias.<\/span><\/p>\n<p>&nbsp;<\/p>\n<figure id=\"attachment_5111\" aria-describedby=\"caption-attachment-5111\" style=\"width: 1024px\" class=\"wp-caption aligncenter\"><a href=\"https:\/\/conadi.gob.gt\/web\/wp-content\/uploads\/2017\/10\/ASB-CONADI-Collage.jpg\"><img loading=\"lazy\" decoding=\"async\" id=\"longdesc-return-5111\" class=\"size-large wp-image-5111\" src=\"https:\/\/conadi.gob.gt\/web\/wp-content\/uploads\/2017\/10\/ASB-CONADI-Collage-1024x1024.jpg\" alt=\"Firma de Convenio ASB CONADI\" width=\"1024\" height=\"1024\" longdesc=\"https:\/\/conadi.gob.gt\/web?longdesc=5111&amp;referrer=5110\" srcset=\"https:\/\/conadi.gob.gt\/web\/wp-content\/uploads\/2017\/10\/ASB-CONADI-Collage-1024x1024.jpg 1024w, https:\/\/conadi.gob.gt\/web\/wp-content\/uploads\/2017\/10\/ASB-CONADI-Collage-150x150.jpg 150w, https:\/\/conadi.gob.gt\/web\/wp-content\/uploads\/2017\/10\/ASB-CONADI-Collage-300x300.jpg 300w\" sizes=\"auto, (max-width: 1024px) 100vw, 1024px\" \/><\/a><figcaption id=\"caption-attachment-5111\" class=\"wp-caption-text\">Suscripci\u00f3n de Convenio entre CONADI y ASB<\/figcaption><\/figure>\n","protected":false},"excerpt":{"rendered":"<p>El Consejo Nacional para la Atenci\u00f3n de las Personas con Discapacidad -CONADI- y ASB Alemania suscribieron un convenio de cooperaci\u00f3n el 26 de octubre de 2017. La finalidad de esta alianza es incluir a la poblaci\u00f3n con discapacidad en las acciones relacionadas con emergencias, tales como la gesti\u00f3n integral de riesgos ante desastres, seguridad alimentaria, &hellip; <\/p>\n<p class=\"link-more\"><a href=\"https:\/\/conadi.gob.gt\/web\/convenio-busca-incluir-a-personas-con-discapacidad-en-gestion-de-riesgo-ante-desastres\/\" class=\"more-link\">Leer m\u00e1s<span class=\"screen-reader-text\"> \u00abCONVENIO BUSCA INCLUIR A PERSONAS CON DISCAPACIDAD EN GESTI\u00d3N DE RIESGO ANTE DESASTRES\u00bb<\/span><\/a><\/p>\n","protected":false},"author":7,"featured_media":0,"comment_status":"open","ping_status":"closed","sticky":false,"template":"","format":"standard","meta":{"footnotes":""},"categories":[3],"tags":[],"class_list":["post-5110","post","type-post","status-publish","format-standard","hentry","category-noticias"],"_links":{"self":[{"href":"https:\/\/conadi.gob.gt\/web\/wp-json\/wp\/v2\/posts\/5110","targetHints":{"allow":["GET"]}}],"collection":[{"href":"https:\/\/conadi.gob.gt\/web\/wp-json\/wp\/v2\/posts"}],"about":[{"href":"https:\/\/conadi.gob.gt\/web\/wp-json\/wp\/v2\/types\/post"}],"author":[{"embeddable":true,"href":"https:\/\/conadi.gob.gt\/web\/wp-json\/wp\/v2\/users\/7"}],"replies":[{"embeddable":true,"href":"https:\/\/conadi.gob.gt\/web\/wp-json\/wp\/v2\/comments?post=5110"}],"version-history":[{"count":1,"href":"https:\/\/conadi.gob.gt\/web\/wp-json\/wp\/v2\/posts\/5110\/revisions"}],"predecessor-version":[{"id":5112,"href":"https:\/\/conadi.gob.gt\/web\/wp-json\/wp\/v2\/posts\/5110\/revisions\/5112"}],"wp:attachment":[{"href":"https:\/\/conadi.gob.gt\/web\/wp-json\/wp\/v2\/media?parent=5110"}],"wp:term":[{"taxonomy":"category","embeddable":true,"href":"https:\/\/conadi.gob.gt\/web\/wp-json\/wp\/v2\/categories?post=5110"},{"taxonomy":"post_tag","embeddable":true,"href":"https:\/\/conadi.gob.gt\/web\/wp-json\/wp\/v2\/tags?post=5110"}],"curies":[{"name":"wp","href":"https:\/\/api.w.org\/{rel}","templated":true}]}}