{"id":5113,"date":"2017-10-31T22:00:44","date_gmt":"2017-10-31T22:00:44","guid":{"rendered":"http:\/\/conadi.gob.gt\/web\/?p=5113"},"modified":"2017-10-31T22:01:00","modified_gmt":"2017-10-31T22:01:00","slug":"presentacion-sobre-reformas-a-la-ley-electora-y-de-partidos-politicos-en-funcion-del-derecho-electoral-de-las-personas-con-discapacidad","status":"publish","type":"post","link":"https:\/\/conadi.gob.gt\/web\/presentacion-sobre-reformas-a-la-ley-electora-y-de-partidos-politicos-en-funcion-del-derecho-electoral-de-las-personas-con-discapacidad\/","title":{"rendered":"PRESENTACI\u00d3N SOBRE REFORMAS A LA LEY ELECTORAL Y DE PARTIDOS POL\u00cdTICOS EN FUNCI\u00d3N DEL DERECHO ELECTORAL DE LAS PERSONAS CON DISCAPACIDAD"},"content":{"rendered":"<p>Entre las demandas que ha venido planteando la poblaci\u00f3n guatemalteca al Congreso de la Rep\u00fablica, se encuentran las reforma a la Ley Electoral y de Partidos Pol\u00edticos, exigencia que cobra mayor fuerza ante los acontecimientos que el pa\u00eds ha vivido en los \u00faltimos meses, por lo que los distintos sectores retoman sus propuestas y asumen una actitud de vigilancia, para que en esta oportunidad s\u00ed vayan las modificaciones que se han venido planteando, donde todos nos sintamos incluidos, que nuestro derecho a elegir y ser electos sea garantizado.<br \/>\nAl colocarse nuevamente el tema en la agenda pol\u00edtica, el CONADI ha iniciado acercamientos con autoridades del Tribunal Supremo Electoral, para que las propuestas de reformas planteadas por las personas con discapacidad desde hace cinco a\u00f1os, sean incluidas esta vez en el proyecto que el TSE har\u00e1 llegar al Congreso de la Rep\u00fablica, para dar cumplimiento al art\u00edculo 29 de la Convenci\u00f3n de la ONU Sobre los Derechos de las Personas con Discapacidad.<br \/>\nEn el 2012, organizaciones de personas con discapacidad con el apoyo de la Fundaci\u00f3n Internacional para Sistemas Electorales \u2013IFES-, hicieron una revisi\u00f3n de la Ley Electoral y de Partidos Pol\u00edticos en coordinaci\u00f3n con el CONADI, de donde deriv\u00f3 la propuesta de reformar los art\u00edculos 13, 22, 125, 157, 228 y 245 de la actual ley, en funci\u00f3n de los derechos electorales de los ciudadanos con discapacidad.<br \/>\nSe demanda la accesibilidad de los centros electorales conforme el dise\u00f1o universal, los que generalmente son ubicados en edificaciones con barreras f\u00edsicas, lo que limita el libre acceso y con ello, un derecho electoral; la inclusi\u00f3n de espacios de participaci\u00f3n de personas con discapacidad en los partidos pol\u00edticos en todas las acciones que conlleve el proceso, para asegurar la formulaci\u00f3n de los planes de gobierno municipal y central con enfoque de discapacidad.<br \/>\nDurante 27 a\u00f1os, el TSE ha impulsado esfuerzos para asegurar la participaci\u00f3n de los ciudadanos con discapacidad, pero es una acci\u00f3n que ha venido dependiendo de la buena voluntad de sus autoridades, por lo que se hace necesario incluir en las competencias de la misma, la institucionalizaci\u00f3n de la tem\u00e1tica en todos sus programas, pol\u00edticas y servicios, con participaci\u00f3n directa de los propios interesados.<br \/>\nSe propone que en el padr\u00f3n electoral se lleve el registro de las personas con discapacidad, para la coordinaci\u00f3n oportuna de los apoyos, aunque estos deben disponerse en todos los centros electorales; asimismo, se plantea que las comunicaciones de todo el proceso, debe darse en los medios y formatos accesibles a todas las condiciones de discapacidad, utilizando los recursos tecnol\u00f3gicos y la lengua de se\u00f1as. En la oportunidad anterior, estas propuestas no fueron incluidas, se espera que en esta ocasi\u00f3n sean tomadas en cuenta, para atender como corresponde un derecho electoral de m\u00e1s de un mill\u00f3n seiscientas mil personas en condici\u00f3n de discapacidad.<\/p>\n<p>&nbsp;<\/p>\n<figure id=\"attachment_5114\" aria-describedby=\"caption-attachment-5114\" style=\"width: 1024px\" class=\"wp-caption aligncenter\"><a href=\"https:\/\/conadi.gob.gt\/web\/wp-content\/uploads\/2017\/10\/REFORMAS-LEPP.jpg\"><img loading=\"lazy\" decoding=\"async\" id=\"longdesc-return-5114\" class=\"size-large wp-image-5114\" src=\"https:\/\/conadi.gob.gt\/web\/wp-content\/uploads\/2017\/10\/REFORMAS-LEPP-1024x1024.jpg\" alt=\"Proyecto de reformas a LEPP\" width=\"1024\" height=\"1024\" longdesc=\"https:\/\/conadi.gob.gt\/web?longdesc=5114&amp;referrer=5113\" srcset=\"https:\/\/conadi.gob.gt\/web\/wp-content\/uploads\/2017\/10\/REFORMAS-LEPP-1024x1024.jpg 1024w, https:\/\/conadi.gob.gt\/web\/wp-content\/uploads\/2017\/10\/REFORMAS-LEPP-150x150.jpg 150w, https:\/\/conadi.gob.gt\/web\/wp-content\/uploads\/2017\/10\/REFORMAS-LEPP-300x300.jpg 300w, https:\/\/conadi.gob.gt\/web\/wp-content\/uploads\/2017\/10\/REFORMAS-LEPP.jpg 2000w\" sizes=\"auto, (max-width: 1024px) 100vw, 1024px\" \/><\/a><figcaption id=\"caption-attachment-5114\" class=\"wp-caption-text\">Propuesta de reformas a la Ley Electoral y de Partidos Pol\u00edtcos<\/figcaption><\/figure>\n","protected":false},"excerpt":{"rendered":"<p>Entre las demandas que ha venido planteando la poblaci\u00f3n guatemalteca al Congreso de la Rep\u00fablica, se encuentran las reforma a la Ley Electoral y de Partidos Pol\u00edticos, exigencia que cobra mayor fuerza ante los acontecimientos que el pa\u00eds ha vivido en los \u00faltimos meses, por lo que los distintos sectores retoman sus propuestas y asumen &hellip; <\/p>\n<p class=\"link-more\"><a href=\"https:\/\/conadi.gob.gt\/web\/presentacion-sobre-reformas-a-la-ley-electora-y-de-partidos-politicos-en-funcion-del-derecho-electoral-de-las-personas-con-discapacidad\/\" class=\"more-link\">Leer m\u00e1s<span class=\"screen-reader-text\"> \u00abPRESENTACI\u00d3N SOBRE REFORMAS A LA LEY ELECTORAL Y DE PARTIDOS POL\u00cdTICOS EN FUNCI\u00d3N DEL DERECHO ELECTORAL DE LAS PERSONAS CON DISCAPACIDAD\u00bb<\/span><\/a><\/p>\n","protected":false},"author":7,"featured_media":0,"comment_status":"open","ping_status":"closed","sticky":false,"template":"","format":"standard","meta":{"footnotes":""},"categories":[3],"tags":[],"class_list":["post-5113","post","type-post","status-publish","format-standard","hentry","category-noticias"],"_links":{"self":[{"href":"https:\/\/conadi.gob.gt\/web\/wp-json\/wp\/v2\/posts\/5113","targetHints":{"allow":["GET"]}}],"collection":[{"href":"https:\/\/conadi.gob.gt\/web\/wp-json\/wp\/v2\/posts"}],"about":[{"href":"https:\/\/conadi.gob.gt\/web\/wp-json\/wp\/v2\/types\/post"}],"author":[{"embeddable":true,"href":"https:\/\/conadi.gob.gt\/web\/wp-json\/wp\/v2\/users\/7"}],"replies":[{"embeddable":true,"href":"https:\/\/conadi.gob.gt\/web\/wp-json\/wp\/v2\/comments?post=5113"}],"version-history":[{"count":2,"href":"https:\/\/conadi.gob.gt\/web\/wp-json\/wp\/v2\/posts\/5113\/revisions"}],"predecessor-version":[{"id":5116,"href":"https:\/\/conadi.gob.gt\/web\/wp-json\/wp\/v2\/posts\/5113\/revisions\/5116"}],"wp:attachment":[{"href":"https:\/\/conadi.gob.gt\/web\/wp-json\/wp\/v2\/media?parent=5113"}],"wp:term":[{"taxonomy":"category","embeddable":true,"href":"https:\/\/conadi.gob.gt\/web\/wp-json\/wp\/v2\/categories?post=5113"},{"taxonomy":"post_tag","embeddable":true,"href":"https:\/\/conadi.gob.gt\/web\/wp-json\/wp\/v2\/tags?post=5113"}],"curies":[{"name":"wp","href":"https:\/\/api.w.org\/{rel}","templated":true}]}}