{"id":5135,"date":"2017-11-14T20:16:37","date_gmt":"2017-11-14T20:16:37","guid":{"rendered":"http:\/\/conadi.gob.gt\/web\/?p=5135"},"modified":"2017-11-14T20:21:36","modified_gmt":"2017-11-14T20:21:36","slug":"conadi-se-opone-a-traslado-de-personas-con-discapacidad-del-centro-de-atencion-alida-espana-al-cai","status":"publish","type":"post","link":"https:\/\/conadi.gob.gt\/web\/conadi-se-opone-a-traslado-de-personas-con-discapacidad-del-centro-de-atencion-alida-espana-al-cai\/","title":{"rendered":"CONADI SE OPONE AL TRASLADO DE PERSONAS CON DISCAPACIDAD DEL CENTRO DE ATENCI\u00d3N ALIDA ESPA\u00d1A AL CENTRO DE ATENCI\u00d3N INTEGRAL DEL J\u00cdCARO"},"content":{"rendered":"<div id=\"js_a\" class=\"_5pbx userContent _3576\">\n<p>Derivado de lo acontecido en el Hogar Virgen de la Asunci\u00f3n, el 8 de marzo del a\u00f1o en curso, que cobr\u00f3 la vida de m\u00e1s de 40 ni\u00f1as, provoc\u00f3 que ni\u00f1os, adolescentes y adultos con discapacidad fueran trasladados al Centro de Atenci\u00f3n Especial \u201cAlida Espa\u00f1a de Arana\u201d, al hogar Esperanza de Vida en R\u00edo Hondo, Zacapa y adolescentes fueron remitidas a la Casa Hogar de Quetzaltenango.<br \/>\nPersonal del CONADI ha visitado el Alida Espa\u00f1a, para verificar las condiciones en las que se encuentran las personas resguardadas; considerando que esta escuela brinda educaci\u00f3n especial a ni\u00f1os, ni\u00f1as y adolescentes de 0 a 14 a\u00f1os de edad, que presentan discapacidad f\u00edsica, sensorial e intelectual, hijos de padres y madres de escasos recursos econ\u00f3micos, es decir, no funciona para alojar personas. Se ha establecido coordinaci\u00f3n con la Comisi\u00f3n Sobre Asuntos de Discapacidad del Congreso de la Rep\u00fablica, Consejo Nacional de Adopciones, Procuradur\u00eda General de la Naci\u00f3n y Secretar\u00eda de Bienestar Social.<\/p>\n<p>El CONADI y otras instituciones que tienen por mandato procurar el goce de derechos de personas con discapacidad, fueron convocadas a dos reuniones, una de ellas, con diputados que conforman la comisi\u00f3n de discapacidad y la otra por la Oficina del Alto Comisionado de las Naciones Unidas para los Derechos Humanos, donde trascendi\u00f3 que el Juzgado de Primera Instancia de la Ni\u00f1ez y la Adolescencia del \u00e1rea Metropolitana departamento de Guatemala, resolvi\u00f3 trasladar a ni\u00f1os y adolescentes que se encuentran en el centro Alida Espa\u00f1a; al Centro de Atenci\u00f3n Integral CAI, en el municipio de El J\u00edcaro, El Progreso. Raz\u00f3n por la cual personal del CONADI en compa\u00f1\u00eda de delegados de la Procuradur\u00eda de Derechos Humanos realizaron un recorrido a dicho centro.<br \/>\nEn la visita la directora del centro referido, inform\u00f3 que no se les ha notificado del traslado de ni\u00f1os y adultos con discapacidad, agregando que el personal asignado al centro lo integran dos maestras, una cocinera, un guardi\u00e1n y un conserje, quienes no tienen la preparaci\u00f3n, ni la experiencia para brindar apoyo a 40 personas en condici\u00f3n de discapacidad.<br \/>\nEn el recorrido se constat\u00f3 que:<\/p>\n<p>1. El ingreso y la mayor\u00eda de espacios, cuentan con gradas, lo cual impiden la libre locomoci\u00f3n de una persona con discapacidad f\u00edsica.<br \/>\n2. Los servicios sanitarios y regaderas no cuentan con servicio de agua potable permanente y tampoco son accesibles, solamente hay tres, el ancho de las puertas es reducido; adem\u00e1s de encontrarse en mal estado.<br \/>\n3. Las paredes y el techo est\u00e1n da\u00f1ados en diversos puntos, lo cual es un riesgo para la poblaci\u00f3n en general.<br \/>\n4. Las instalaciones carecen de rutas y v\u00edas de evacuaci\u00f3n.<br \/>\n5. Los salones tal y como est\u00e1n, no basta con remozarlos, deben ser ambientes que permitan la privacidad entre cada persona, considerar que hay ni\u00f1os, ni\u00f1as, adolescentes, hombres y mujeres. No hay capacidad para albergar a 20, 30 menos 40 personas; debe atenderse lo contenido en la Convenci\u00f3n Sobre los Derechos de las Personas con Discapacidad, con especial \u00e9nfasis en sus Art\u00edculos 1,2, 3 y 4 y las recomendaciones hechas al Estado de Guatemala por el Comit\u00e9 de Expertos en Derechos de Personas con Discapacidad de Naciones Unidas. Entre otras cosas mandata la consulta a los propios interesados y entidades encargadas del tema, en este caso no se dio de esa manera.<br \/>\n6. El CAI no cuenta con personal calificado para atender a personas con discapacidad.<br \/>\n7. El muro perimetral es totalmente inseguro, tiene alambre con p\u00faas en la parte superior.<br \/>\n8. Hay reparaciones que pueden hacerse en el corto plazo, pero otras son parte de la estructura del inmueble, es decir, atendiendo las normas de accesibilidad es necesario realizar modificaciones a ancho de puertas, el corredor en toda su largo tiene desnivel en ambos lados, colocar rampas, construir un muro de material que permita la privacidad y seguridad.<br \/>\nAdem\u00e1s los miembros del COCODE de la cabecera municipal, manifestaron su inconformidad ante la resoluci\u00f3n del juzgado, porque seg\u00fan la informaci\u00f3n que poseen, los ni\u00f1os que ser\u00e1n trasladados tienen conflicto con la ley; expresaron que hay mucha desinformaci\u00f3n, adem\u00e1s les preocupa la seguridad. Reiteraron en varias ocasiones que ellos representan a la poblaci\u00f3n, quienes a su vez est\u00e1n en desacuerdo al traslado de los ni\u00f1os.<br \/>\nOtro aspecto que manifestaron y el que m\u00e1s les preocupa, es que suceder\u00e1 con los ni\u00f1os que asisten actualmente al CAI, est\u00e1n en contra del cierre del centro, porque atiende a ni\u00f1os de escasos recursos, quienes ser\u00e1n perjudicados.<br \/>\nEl CONADI ha venido realizando reuniones para dar acompa\u00f1amiento a esta situaci\u00f3n; sin embargo, la decisi\u00f3n del juzgado no fue hecha de su conocimiento. Por lo que en cumplimiento de su mandato, se mantendr\u00e1 vigilante de las accesiones que se adopten, por el respeto a los derechos y la dignidad de este grupo de personas.<\/p>\n<\/div>\n<div class=\"_2a2q\"><\/div>\n<div class=\"_2a2q\"><\/div>\n<div class=\"_2a2q\"><\/div>\n<div class=\"_2a2q\">\n<figure id=\"attachment_5136\" aria-describedby=\"caption-attachment-5136\" style=\"width: 1024px\" class=\"wp-caption aligncenter\"><a href=\"https:\/\/conadi.gob.gt\/web\/wp-content\/uploads\/2017\/11\/Collage-Alida-vrs-Jicaro.jpg\"><img loading=\"lazy\" decoding=\"async\" id=\"longdesc-return-5136\" class=\"size-large wp-image-5136\" src=\"https:\/\/conadi.gob.gt\/web\/wp-content\/uploads\/2017\/11\/Collage-Alida-vrs-Jicaro-1024x1024.jpg\" alt=\"CONADI se opone a traslado de personas con discapacidad al J\u00edcaro\" width=\"1024\" height=\"1024\" longdesc=\"https:\/\/conadi.gob.gt\/web?longdesc=5136&amp;referrer=5135\" srcset=\"https:\/\/conadi.gob.gt\/web\/wp-content\/uploads\/2017\/11\/Collage-Alida-vrs-Jicaro-1024x1024.jpg 1024w, https:\/\/conadi.gob.gt\/web\/wp-content\/uploads\/2017\/11\/Collage-Alida-vrs-Jicaro-150x150.jpg 150w, https:\/\/conadi.gob.gt\/web\/wp-content\/uploads\/2017\/11\/Collage-Alida-vrs-Jicaro-300x300.jpg 300w\" sizes=\"auto, (max-width: 1024px) 100vw, 1024px\" \/><\/a><figcaption id=\"caption-attachment-5136\" class=\"wp-caption-text\">CONADI se opone a traslado de personas con discapacidad<\/figcaption><\/figure>\n<\/div>\n","protected":false},"excerpt":{"rendered":"<p>Derivado de lo acontecido en el Hogar Virgen de la Asunci\u00f3n, el 8 de marzo del a\u00f1o en curso, que cobr\u00f3 la vida de m\u00e1s de 40 ni\u00f1as, provoc\u00f3 que ni\u00f1os, adolescentes y adultos con discapacidad fueran trasladados al Centro de Atenci\u00f3n Especial \u201cAlida Espa\u00f1a de Arana\u201d, al hogar Esperanza de Vida en R\u00edo Hondo, &hellip; <\/p>\n<p class=\"link-more\"><a href=\"https:\/\/conadi.gob.gt\/web\/conadi-se-opone-a-traslado-de-personas-con-discapacidad-del-centro-de-atencion-alida-espana-al-cai\/\" class=\"more-link\">Leer m\u00e1s<span class=\"screen-reader-text\"> \u00abCONADI SE OPONE AL TRASLADO DE PERSONAS CON DISCAPACIDAD DEL CENTRO DE ATENCI\u00d3N ALIDA ESPA\u00d1A AL CENTRO DE ATENCI\u00d3N INTEGRAL DEL J\u00cdCARO\u00bb<\/span><\/a><\/p>\n","protected":false},"author":7,"featured_media":0,"comment_status":"open","ping_status":"closed","sticky":false,"template":"","format":"standard","meta":{"footnotes":""},"categories":[3],"tags":[],"class_list":["post-5135","post","type-post","status-publish","format-standard","hentry","category-noticias"],"_links":{"self":[{"href":"https:\/\/conadi.gob.gt\/web\/wp-json\/wp\/v2\/posts\/5135","targetHints":{"allow":["GET"]}}],"collection":[{"href":"https:\/\/conadi.gob.gt\/web\/wp-json\/wp\/v2\/posts"}],"about":[{"href":"https:\/\/conadi.gob.gt\/web\/wp-json\/wp\/v2\/types\/post"}],"author":[{"embeddable":true,"href":"https:\/\/conadi.gob.gt\/web\/wp-json\/wp\/v2\/users\/7"}],"replies":[{"embeddable":true,"href":"https:\/\/conadi.gob.gt\/web\/wp-json\/wp\/v2\/comments?post=5135"}],"version-history":[{"count":2,"href":"https:\/\/conadi.gob.gt\/web\/wp-json\/wp\/v2\/posts\/5135\/revisions"}],"predecessor-version":[{"id":5138,"href":"https:\/\/conadi.gob.gt\/web\/wp-json\/wp\/v2\/posts\/5135\/revisions\/5138"}],"wp:attachment":[{"href":"https:\/\/conadi.gob.gt\/web\/wp-json\/wp\/v2\/media?parent=5135"}],"wp:term":[{"taxonomy":"category","embeddable":true,"href":"https:\/\/conadi.gob.gt\/web\/wp-json\/wp\/v2\/categories?post=5135"},{"taxonomy":"post_tag","embeddable":true,"href":"https:\/\/conadi.gob.gt\/web\/wp-json\/wp\/v2\/tags?post=5135"}],"curies":[{"name":"wp","href":"https:\/\/api.w.org\/{rel}","templated":true}]}}