{"id":5146,"date":"2017-12-11T22:45:17","date_gmt":"2017-12-11T22:45:17","guid":{"rendered":"http:\/\/conadi.gob.gt\/web\/?p=5146"},"modified":"2017-12-11T23:28:34","modified_gmt":"2017-12-11T23:28:34","slug":"nombran-embajadora-de-la-paz-a-rosa-idalia-aldana-activista-de-derechos-humanos","status":"publish","type":"post","link":"https:\/\/conadi.gob.gt\/web\/nombran-embajadora-de-la-paz-a-rosa-idalia-aldana-activista-de-derechos-humanos\/","title":{"rendered":"Nombran embajadora de la paz, a Rosa Idalia Aldana, activista de derechos humanos"},"content":{"rendered":"<p>En el marco del 3 de diciembre, D\u00eda Internacional de las personas con discapacidad, Rosa Idalia Aldana, fue nombrada Embajadora de la Paz de\u00a0Guatemala, por la Secretar\u00eda Presidencial de la Paz, -SEPAZ-.<\/p>\n<p>El \u00a0cambio de simb\u00f3lico de la rosa de la paz fue concedido a la activista en derechos humanos en\u00a0reconocimiento a su compromiso en la defensa de los derechos de las personas con discapacidad.<\/p>\n<p>El evento tambi\u00e9n fue el escenario para presentar ante representantes de entidades de gobierno, la Agenda Estrat\u00e9gica sobre los derechos humanos de las mujeres y ni\u00f1as con discapacidad.  <\/p>\n<p>En su discurso Rosa Idalia incit\u00f3 a las mujeres con discapacidad a interiorizar en este tema, pues seg\u00fan dijo, una de cada tres mujeres con discapacidad sufre alg\u00fan tipo de violencia a lo largo de su vida.<\/p>\n<p>\u201cNo nos quedemos calladas, denunciemos, digamos que estamos aqu\u00ed, estamos presentes, no somos invisibles\u201d, enfatiz\u00f3.<\/p>\n<p>A la vez agradeci\u00f3 el compromiso desde la institucionalidad del CONADI, asimismo, de las instancias p\u00fablicas, persuadiendo para que ese compromiso se haga valer y as\u00ed, m\u00e1s que una voluntad, se convierta en acciones.<\/p>\n<p>Rosa Idalia Aldana, Chochi, como cari\u00f1osamente la conocen sus amigos, es presidenta y fundadora de la Asociaci\u00f3n no lucrativa Gente Peque\u00f1a de Guatemala, que persigue que las leyes del pa\u00eds reconozcan a las personas de talla peque\u00f1a. Asimismo es catedr\u00e1tica de la Escuela de Ciencias de la Comunicaci\u00f3n de la Universidad de San Carlos y Master Oficial en Igualdad de G\u00e9nero.<\/p>\n<p>Es importante resaltar que Aldana incidi\u00f3 en las reformas del Decreto n\u00famero 135-96, Ley de Atenci\u00f3n a las Personas con Discapacidad, para incluir a las personas con acondroplasia.<\/p>\n<p>Aldana, es adem\u00e1s, la candidata de pa\u00eds que busca un esca\u00f1o en el\u00a0Comit\u00e9 de \u00a0Discapacidad de las Naciones Unidas, \u00f3rgano de expertos\u00a0independientes que supervisa la aplicaci\u00f3n de la\u00a0Convenci\u00f3n sobre los Derechos de las Personas con Discapacidad, instrumento aprobado el 13 de diciembre de 2006 que se\u00f1ala un \u201ccambio paradigm\u00e1tico\u201d de las actitudes y enfoques respecto del colectivo, lo que se traduce en la \u201cvisibilidad\u201d de este grupo dentro del sistema de protecci\u00f3n de derechos humanos.<\/p>\n<p>El CONADI hace el llamado a la poblaci\u00f3n en general a procurar la construcci\u00f3n de una sociedad incluyente, apreciando la diversidad de sus integrantes y el goce de los mismos derechos y oportunidades sin que sus condiciones particulares sean un obst\u00e1culo.<\/p>\n<p>&nbsp;<\/p>\n<figure id=\"attachment_5153\" aria-describedby=\"caption-attachment-5153\" style=\"width: 1024px\" class=\"wp-caption aligncenter\"><a href=\"https:\/\/conadi.gob.gt\/web\/wp-content\/uploads\/2017\/12\/Chochis-collage.png\"><img loading=\"lazy\" decoding=\"async\" id=\"longdesc-return-5153\" class=\"size-large wp-image-5153\" src=\"https:\/\/conadi.gob.gt\/web\/wp-content\/uploads\/2017\/12\/Chochis-collage-1024x1024.png\" alt=\"Cambio simb\u00f3lico de la rosa de la paz\" width=\"1024\" height=\"1024\" longdesc=\"https:\/\/conadi.gob.gt\/web?longdesc=5153&amp;referrer=5146\" srcset=\"https:\/\/conadi.gob.gt\/web\/wp-content\/uploads\/2017\/12\/Chochis-collage-1024x1024.png 1024w, https:\/\/conadi.gob.gt\/web\/wp-content\/uploads\/2017\/12\/Chochis-collage-150x150.png 150w, https:\/\/conadi.gob.gt\/web\/wp-content\/uploads\/2017\/12\/Chochis-collage-300x300.png 300w, https:\/\/conadi.gob.gt\/web\/wp-content\/uploads\/2017\/12\/Chochis-collage.png 2000w\" sizes=\"auto, (max-width: 1024px) 100vw, 1024px\" \/><\/a><figcaption id=\"caption-attachment-5153\" class=\"wp-caption-text\">Cambio de la rosa de la paz<\/figcaption><\/figure>\n","protected":false},"excerpt":{"rendered":"<p>En el marco del 3 de diciembre, D\u00eda Internacional de las personas con discapacidad, Rosa Idalia Aldana, fue nombrada Embajadora de la Paz de\u00a0Guatemala, por la Secretar\u00eda Presidencial de la Paz, -SEPAZ-. El \u00a0cambio de simb\u00f3lico de la rosa de la paz fue concedido a la activista en derechos humanos en\u00a0reconocimiento a su compromiso en &hellip; <\/p>\n<p class=\"link-more\"><a href=\"https:\/\/conadi.gob.gt\/web\/nombran-embajadora-de-la-paz-a-rosa-idalia-aldana-activista-de-derechos-humanos\/\" class=\"more-link\">Leer m\u00e1s<span class=\"screen-reader-text\"> \u00abNombran embajadora de la paz, a Rosa Idalia Aldana, activista de derechos humanos\u00bb<\/span><\/a><\/p>\n","protected":false},"author":7,"featured_media":0,"comment_status":"open","ping_status":"closed","sticky":false,"template":"","format":"standard","meta":{"footnotes":""},"categories":[3],"tags":[],"class_list":["post-5146","post","type-post","status-publish","format-standard","hentry","category-noticias"],"_links":{"self":[{"href":"https:\/\/conadi.gob.gt\/web\/wp-json\/wp\/v2\/posts\/5146","targetHints":{"allow":["GET"]}}],"collection":[{"href":"https:\/\/conadi.gob.gt\/web\/wp-json\/wp\/v2\/posts"}],"about":[{"href":"https:\/\/conadi.gob.gt\/web\/wp-json\/wp\/v2\/types\/post"}],"author":[{"embeddable":true,"href":"https:\/\/conadi.gob.gt\/web\/wp-json\/wp\/v2\/users\/7"}],"replies":[{"embeddable":true,"href":"https:\/\/conadi.gob.gt\/web\/wp-json\/wp\/v2\/comments?post=5146"}],"version-history":[{"count":3,"href":"https:\/\/conadi.gob.gt\/web\/wp-json\/wp\/v2\/posts\/5146\/revisions"}],"predecessor-version":[{"id":5156,"href":"https:\/\/conadi.gob.gt\/web\/wp-json\/wp\/v2\/posts\/5146\/revisions\/5156"}],"wp:attachment":[{"href":"https:\/\/conadi.gob.gt\/web\/wp-json\/wp\/v2\/media?parent=5146"}],"wp:term":[{"taxonomy":"category","embeddable":true,"href":"https:\/\/conadi.gob.gt\/web\/wp-json\/wp\/v2\/categories?post=5146"},{"taxonomy":"post_tag","embeddable":true,"href":"https:\/\/conadi.gob.gt\/web\/wp-json\/wp\/v2\/tags?post=5146"}],"curies":[{"name":"wp","href":"https:\/\/api.w.org\/{rel}","templated":true}]}}