{"id":5157,"date":"2017-12-11T23:23:33","date_gmt":"2017-12-11T23:23:33","guid":{"rendered":"http:\/\/conadi.gob.gt\/web\/?p=5157"},"modified":"2017-12-11T23:28:07","modified_gmt":"2017-12-11T23:28:07","slug":"reconocen-labor-de-francisco-sojuel-fundador-de-organizacion-en-pro-de-las-personas-con-discapacidad","status":"publish","type":"post","link":"https:\/\/conadi.gob.gt\/web\/reconocen-labor-de-francisco-sojuel-fundador-de-organizacion-en-pro-de-las-personas-con-discapacidad\/","title":{"rendered":"Reconocen labor de Francisco Sojuel, fundador de organizaci\u00f3n en pro de las Personas con Discapacidad"},"content":{"rendered":"<p>Francisco Sojuel, a propuesta del CONADI, fue reconocido por el Banco Industrial, por su labor en Pro de los Derechos de las Personas con Discapacidad. Sojuel lleva alrededor de 30 a\u00f1os trabajando en la Asociaci\u00f3n de Padres y Amigos de Personas con Discapacidad de Solol\u00e1 -ADISA-. Este reconocimiento es parte de las actividades enmarcadas en el d\u00eda internacional de las Personas con Discapacidad, conmemorado el 3 de diciembre.<br \/>\nEn su discurso el homenajeado argument\u00f3 que las verdaderas reconocidas deben ser las personas con discapacidad y agreg\u00f3 que tal distinci\u00f3n no hubiera sido posible de no haberse involucrado a trabajar en la organizaci\u00f3n ADISA, acci\u00f3n que fue motivada por su hija con discapacidad.<\/p>\n<figure id=\"attachment_5158\" aria-describedby=\"caption-attachment-5158\" style=\"width: 1024px\" class=\"wp-caption aligncenter\"><a href=\"https:\/\/conadi.gob.gt\/web\/wp-content\/uploads\/2017\/12\/sojuel.png\"><img loading=\"lazy\" decoding=\"async\" id=\"longdesc-return-5158\" longdesc=\"https:\/\/conadi.gob.gt\/web?longdesc=5158&#038;referrer=5157\" src=\"https:\/\/conadi.gob.gt\/web\/wp-content\/uploads\/2017\/12\/sojuel-1024x1024.png\" alt=\"Francisco Sojuel Navichoc\" width=\"1024\" height=\"1024\" class=\"size-large wp-image-5158\" srcset=\"https:\/\/conadi.gob.gt\/web\/wp-content\/uploads\/2017\/12\/sojuel-1024x1024.png 1024w, https:\/\/conadi.gob.gt\/web\/wp-content\/uploads\/2017\/12\/sojuel-150x150.png 150w, https:\/\/conadi.gob.gt\/web\/wp-content\/uploads\/2017\/12\/sojuel-300x300.png 300w, https:\/\/conadi.gob.gt\/web\/wp-content\/uploads\/2017\/12\/sojuel.png 2000w\" sizes=\"auto, (max-width: 1024px) 100vw, 1024px\" \/><\/a><figcaption id=\"caption-attachment-5158\" class=\"wp-caption-text\">Reconocen a Francisco Sojuel<\/figcaption><\/figure>\n","protected":false},"excerpt":{"rendered":"<p>Francisco Sojuel, a propuesta del CONADI, fue reconocido por el Banco Industrial, por su labor en Pro de los Derechos de las Personas con Discapacidad. Sojuel lleva alrededor de 30 a\u00f1os trabajando en la Asociaci\u00f3n de Padres y Amigos de Personas con Discapacidad de Solol\u00e1 -ADISA-. Este reconocimiento es parte de las actividades enmarcadas en &hellip; <\/p>\n<p class=\"link-more\"><a href=\"https:\/\/conadi.gob.gt\/web\/reconocen-labor-de-francisco-sojuel-fundador-de-organizacion-en-pro-de-las-personas-con-discapacidad\/\" class=\"more-link\">Leer m\u00e1s<span class=\"screen-reader-text\"> \u00abReconocen labor de Francisco Sojuel, fundador de organizaci\u00f3n en pro de las Personas con Discapacidad\u00bb<\/span><\/a><\/p>\n","protected":false},"author":7,"featured_media":0,"comment_status":"open","ping_status":"closed","sticky":false,"template":"","format":"standard","meta":{"footnotes":""},"categories":[3],"tags":[],"class_list":["post-5157","post","type-post","status-publish","format-standard","hentry","category-noticias"],"_links":{"self":[{"href":"https:\/\/conadi.gob.gt\/web\/wp-json\/wp\/v2\/posts\/5157","targetHints":{"allow":["GET"]}}],"collection":[{"href":"https:\/\/conadi.gob.gt\/web\/wp-json\/wp\/v2\/posts"}],"about":[{"href":"https:\/\/conadi.gob.gt\/web\/wp-json\/wp\/v2\/types\/post"}],"author":[{"embeddable":true,"href":"https:\/\/conadi.gob.gt\/web\/wp-json\/wp\/v2\/users\/7"}],"replies":[{"embeddable":true,"href":"https:\/\/conadi.gob.gt\/web\/wp-json\/wp\/v2\/comments?post=5157"}],"version-history":[{"count":1,"href":"https:\/\/conadi.gob.gt\/web\/wp-json\/wp\/v2\/posts\/5157\/revisions"}],"predecessor-version":[{"id":5159,"href":"https:\/\/conadi.gob.gt\/web\/wp-json\/wp\/v2\/posts\/5157\/revisions\/5159"}],"wp:attachment":[{"href":"https:\/\/conadi.gob.gt\/web\/wp-json\/wp\/v2\/media?parent=5157"}],"wp:term":[{"taxonomy":"category","embeddable":true,"href":"https:\/\/conadi.gob.gt\/web\/wp-json\/wp\/v2\/categories?post=5157"},{"taxonomy":"post_tag","embeddable":true,"href":"https:\/\/conadi.gob.gt\/web\/wp-json\/wp\/v2\/tags?post=5157"}],"curies":[{"name":"wp","href":"https:\/\/api.w.org\/{rel}","templated":true}]}}