{"id":5160,"date":"2017-12-12T16:08:48","date_gmt":"2017-12-12T16:08:48","guid":{"rendered":"http:\/\/conadi.gob.gt\/web\/?p=5160"},"modified":"2017-12-12T16:08:48","modified_gmt":"2017-12-12T16:08:48","slug":"el-dia-de-las-personas-con-discapacidad-es-conmemorado-a-nivel-nacional","status":"publish","type":"post","link":"https:\/\/conadi.gob.gt\/web\/el-dia-de-las-personas-con-discapacidad-es-conmemorado-a-nivel-nacional\/","title":{"rendered":"EL D\u00cdA DE LAS PERSONAS CON DISCAPACIDAD ES CONMEMORADO A NIVEL NACIONAL"},"content":{"rendered":"<p>El Consejo Nacional para la Atenci\u00f3n de las Personas con Discapacidad, conmemor\u00f3 el D\u00eda internacional de las Personas con Discapacidad a nivel nacional. En la capital las actividades iniciaron con el Foro Salud Mental y Discapacidad Psicosocial, donde se abord\u00f3 el tema partiendo de las resultados de la Encuesta Nacional en Discapacidad -ENDIS 2016- que indica que la prevalencia de discapaciad psicosocial en Guatemala es de 9.3%. El 1 de diciembre, se firm\u00f3 el convenio interinstitucional con la Secretaria Nacional de Ciencia y tecnolog\u00eda     -SENACIT-, entidad que adquiri\u00f3 el compromiso de promover la participaci\u00f3n en actividades o proyectos cient\u00edficos, tecnol\u00f3gicos y de innovaci\u00f3n para el apoyo y desarrollo integral de las personas con discapacidad. Ese mismo d\u00eda se realiz\u00f3 el reconocimiento a medios de comunicaci\u00f3n por su alianza con el CONADI, en la difusi\u00f3n de la tem\u00e1tica sobre discapacidad.<br \/>\nEl 3 de diciembre, d\u00eda marco de la conmemoraci\u00f3n, se realiz\u00f3 la carrera a Paso de Campeones, en la Avenida Sime\u00f3n Ca\u00f1as, con la participaci\u00f3n de alrededor de 200 personas.<br \/>\nEl 4 de diciembre se present\u00f3 la agenda estrat\u00e9gica de g\u00e9nero con enfoque de discapacidad y se nombr\u00f3 a la licenciada Rosa Aldana, como embajadora de la paz, realizando el cambio de la rosa en el Palacio Nacional de la Cultura.<br \/>\nEl 7 de diciembre se reconoci\u00f3 la labor de la selecci\u00f3n de futbol sala para personas ciegas, que participaron en el torneo eliminatorio mundialista \u00abEspa\u00f1a 2018\u00bb, de manera paralela la Procuradur\u00eda de Derechos Humanos llev\u00f3 a cabo el Foro: Diferentes tipos de discriminaci\u00f3n que enfrentan a diario las Personas con Discapacidad y los Mecanismos Legales para su defensa.  Finalmente el 8 de diciembre el Banco Industrial, a propuesta del CONADI, condecor\u00f3 a Sr. Francisco Socuel Navichoc, por su trabajo en pro de los Derechos de las Personas con Discapacidad, y por la tarde se inaugur\u00f3 la segunda sede del CONADI en la ciudad capital.<\/p>\n<p>Adicionalmente, en los departamentos se dio apertura a dos oficinas Municipales de Discapacidad en Guastatoya el Progreso; Tajumulco, San Marcos; San Andres Pet\u00e9n; Huite, Zacapa; sumando 27 Oficinas de esta modalidad. Adicionalmente se realizaron, foros, caminatas, encuentros deportivos, actividades culturales con presencia de autoridades de gobierno y organizaciones de Personas con Discapacidad.  <\/p>\n<figure id=\"attachment_5161\" aria-describedby=\"caption-attachment-5161\" style=\"width: 403px\" class=\"wp-caption aligncenter\"><a href=\"https:\/\/conadi.gob.gt\/web\/wp-content\/uploads\/2017\/12\/img-1.jpg\"><img loading=\"lazy\" decoding=\"async\" id=\"longdesc-return-5161\" longdesc=\"https:\/\/conadi.gob.gt\/web?longdesc=5161&#038;referrer=5160\" src=\"https:\/\/conadi.gob.gt\/web\/wp-content\/uploads\/2017\/12\/img-1.jpg\" alt=\"Actos Conmemorativos \" width=\"403\" height=\"405\" class=\"size-full wp-image-5161\" srcset=\"https:\/\/conadi.gob.gt\/web\/wp-content\/uploads\/2017\/12\/img-1.jpg 403w, https:\/\/conadi.gob.gt\/web\/wp-content\/uploads\/2017\/12\/img-1-150x150.jpg 150w, https:\/\/conadi.gob.gt\/web\/wp-content\/uploads\/2017\/12\/img-1-300x300.jpg 300w\" sizes=\"auto, (max-width: 403px) 100vw, 403px\" \/><\/a><figcaption id=\"caption-attachment-5161\" class=\"wp-caption-text\">Actividades conmemorativas<\/figcaption><\/figure>\n","protected":false},"excerpt":{"rendered":"<p>El Consejo Nacional para la Atenci\u00f3n de las Personas con Discapacidad, conmemor\u00f3 el D\u00eda internacional de las Personas con Discapacidad a nivel nacional. En la capital las actividades iniciaron con el Foro Salud Mental y Discapacidad Psicosocial, donde se abord\u00f3 el tema partiendo de las resultados de la Encuesta Nacional en Discapacidad -ENDIS 2016- que &hellip; <\/p>\n<p class=\"link-more\"><a href=\"https:\/\/conadi.gob.gt\/web\/el-dia-de-las-personas-con-discapacidad-es-conmemorado-a-nivel-nacional\/\" class=\"more-link\">Leer m\u00e1s<span class=\"screen-reader-text\"> \u00abEL D\u00cdA DE LAS PERSONAS CON DISCAPACIDAD ES CONMEMORADO A NIVEL NACIONAL\u00bb<\/span><\/a><\/p>\n","protected":false},"author":7,"featured_media":0,"comment_status":"open","ping_status":"closed","sticky":false,"template":"","format":"standard","meta":{"footnotes":""},"categories":[3],"tags":[],"class_list":["post-5160","post","type-post","status-publish","format-standard","hentry","category-noticias"],"_links":{"self":[{"href":"https:\/\/conadi.gob.gt\/web\/wp-json\/wp\/v2\/posts\/5160","targetHints":{"allow":["GET"]}}],"collection":[{"href":"https:\/\/conadi.gob.gt\/web\/wp-json\/wp\/v2\/posts"}],"about":[{"href":"https:\/\/conadi.gob.gt\/web\/wp-json\/wp\/v2\/types\/post"}],"author":[{"embeddable":true,"href":"https:\/\/conadi.gob.gt\/web\/wp-json\/wp\/v2\/users\/7"}],"replies":[{"embeddable":true,"href":"https:\/\/conadi.gob.gt\/web\/wp-json\/wp\/v2\/comments?post=5160"}],"version-history":[{"count":1,"href":"https:\/\/conadi.gob.gt\/web\/wp-json\/wp\/v2\/posts\/5160\/revisions"}],"predecessor-version":[{"id":5162,"href":"https:\/\/conadi.gob.gt\/web\/wp-json\/wp\/v2\/posts\/5160\/revisions\/5162"}],"wp:attachment":[{"href":"https:\/\/conadi.gob.gt\/web\/wp-json\/wp\/v2\/media?parent=5160"}],"wp:term":[{"taxonomy":"category","embeddable":true,"href":"https:\/\/conadi.gob.gt\/web\/wp-json\/wp\/v2\/categories?post=5160"},{"taxonomy":"post_tag","embeddable":true,"href":"https:\/\/conadi.gob.gt\/web\/wp-json\/wp\/v2\/tags?post=5160"}],"curies":[{"name":"wp","href":"https:\/\/api.w.org\/{rel}","templated":true}]}}