{"id":5175,"date":"2017-12-20T18:47:05","date_gmt":"2017-12-20T18:47:05","guid":{"rendered":"http:\/\/conadi.gob.gt\/web\/?p=5175"},"modified":"2017-12-20T18:48:33","modified_gmt":"2017-12-20T18:48:33","slug":"presentan-propuesta-de-ente-regional-coordinador-de-discapacidad-ante-jefes-de-estado-en-el-sica","status":"publish","type":"post","link":"https:\/\/conadi.gob.gt\/web\/presentan-propuesta-de-ente-regional-coordinador-de-discapacidad-ante-jefes-de-estado-en-el-sica\/","title":{"rendered":"PRESENTAN PROPUESTA DE CREACI\u00d3N DE ENTE REGIONAL COORDINADOR DE DISCAPACIDAD ANTE JEFES DE ESTADO EN EL SICA"},"content":{"rendered":"<p>En seguimiento a las gestiones que se han venido realizando para la inclusi\u00f3n de la tem\u00e1tica de discapacidad en las pol\u00edticas y programas del Sistema de Integraci\u00f3n Centroamericana SICA-, un  proceso en que el CONADI ha venido marcando un liderazgo decisivo, se realizaron las gestiones pertinentes para contar con una cortes\u00eda de sala en la LXXII Reuni\u00f3n de Jefes de Estado y de Gobierno, celebrada del 13 al 15 de diciembre en la Rep\u00fablica de Panam\u00e1.<br \/>\nSe incluy\u00f3 el  tema en la Reuni\u00f3n de Ministros de Relaciones Exteriores del d\u00eda 13 de diciembre del 2017, la presentaci\u00f3n se realiz\u00f3 con participaci\u00f3n de la Directora de la SENADIS, Dra. N\u00e9lida Ortiz y el Director General del CONADI, Sebasti\u00e1n Toledo, con la parte central de la propuesta, espacio en el que tambi\u00e9n se cont\u00f3 con la presencia del Dr. Magino Corpor\u00e1n, Director General del CONADIS de Rep\u00fablica Dominicana.<br \/>\nEl planteamiento contempla el fortalecimiento de los \u00f3rganos coordinadores y rectores de discapacidad de la regi\u00f3n; el fomento de la organizaci\u00f3n y participaci\u00f3n social de las organizaciones de personas con discapacidad con toma de decisi\u00f3n en los asuntos que le correspondan y el desarrollo de pol\u00edticas inclusivas, y la creaci\u00f3n de un organismo regional de coordinaci\u00f3n de los entes estatales encargados de las pol\u00edticas p\u00fablicas de discapacidad en cada pa\u00eds . <\/p>\n<p>Los participantes asumieron distintos espacios de acercamiento con cancilleres, personal t\u00e9cnico de canciller\u00edas y con los Jefes de Estado, con el objetivo de mantener visible la tem\u00e1tica. Se tuvo acceso a los discursos y declaraci\u00f3n final de los presidentes y en un espacio de receso para la revisi\u00f3n de los contenidos de la declaraci\u00f3n de presidentes, se realizaron acercamientos con el presidente de la Rep\u00fablica de Panam\u00e1, Juan Carlos Varela, para agradecer el apoyo brindado durante la cortes\u00eda de sala; el presidente de Rep\u00fablica Dominicana, Danilo Medina, para coordinar las acciones en los siguientes seis meses, debido a que el se\u00f1or Medina ejercer\u00e1 la presidencia Pro T\u00e9mpore del SICA hasta el mes de junio, quien design\u00f3 a su canciller a atender una primera reuni\u00f3n de trabajo en el mes de febrero con los cuatro entes rectores presentes.<br \/>\nAs\u00ed mismo, el presidente de Costa Rica, Sr. Guillermo Sol\u00eds ofreci\u00f3 apoyar de manera personal esta iniciativa e inclusive, solicit\u00f3 al Presidente Varela, el reconocimiento al sector, en el discurso de clausura; el Presidente de Guatemala, Jimmy Morales, indic\u00f3 a los participantes que dar\u00eda todo su apoyo a esta tem\u00e1tica. <\/p>\n<p>El di\u00e1logo con los Jefes de Estado, permite que el planteamiento tenga el efecto esperado, ya que cada presidente abordado gener\u00f3 instrucciones a su Ministro de Relaciones Exteriores para atender con prioridad los asuntos de discapacidad en cada pa\u00eds, lo que deriv\u00f3 en el ofrecimiento de apoyo para fortalecer la gesti\u00f3n local y hacia otros pa\u00edses de cada ente de discapacidad.<\/p>\n<figure id=\"attachment_5176\" aria-describedby=\"caption-attachment-5176\" style=\"width: 1024px\" class=\"wp-caption aligncenter\"><a href=\"https:\/\/conadi.gob.gt\/web\/wp-content\/uploads\/2017\/12\/SICA-Collage.jpg\"><img loading=\"lazy\" decoding=\"async\" id=\"longdesc-return-5176\" longdesc=\"https:\/\/conadi.gob.gt\/web?longdesc=5176&#038;referrer=5175\" src=\"https:\/\/conadi.gob.gt\/web\/wp-content\/uploads\/2017\/12\/SICA-Collage-1024x1024.jpg\" alt=\"Propueste de ente regional de discapacidad ante el SICA\" width=\"1024\" height=\"1024\" class=\"size-large wp-image-5176\" srcset=\"https:\/\/conadi.gob.gt\/web\/wp-content\/uploads\/2017\/12\/SICA-Collage-1024x1024.jpg 1024w, https:\/\/conadi.gob.gt\/web\/wp-content\/uploads\/2017\/12\/SICA-Collage-150x150.jpg 150w, https:\/\/conadi.gob.gt\/web\/wp-content\/uploads\/2017\/12\/SICA-Collage-300x300.jpg 300w\" sizes=\"auto, (max-width: 1024px) 100vw, 1024px\" \/><\/a><figcaption id=\"caption-attachment-5176\" class=\"wp-caption-text\">Presentaci\u00f3n de propuesta ante el SICA<\/figcaption><\/figure>\n","protected":false},"excerpt":{"rendered":"<p>En seguimiento a las gestiones que se han venido realizando para la inclusi\u00f3n de la tem\u00e1tica de discapacidad en las pol\u00edticas y programas del Sistema de Integraci\u00f3n Centroamericana SICA-, un proceso en que el CONADI ha venido marcando un liderazgo decisivo, se realizaron las gestiones pertinentes para contar con una cortes\u00eda de sala en la &hellip; <\/p>\n<p class=\"link-more\"><a href=\"https:\/\/conadi.gob.gt\/web\/presentan-propuesta-de-ente-regional-coordinador-de-discapacidad-ante-jefes-de-estado-en-el-sica\/\" class=\"more-link\">Leer m\u00e1s<span class=\"screen-reader-text\"> \u00abPRESENTAN PROPUESTA DE CREACI\u00d3N DE ENTE REGIONAL COORDINADOR DE DISCAPACIDAD ANTE JEFES DE ESTADO EN EL SICA\u00bb<\/span><\/a><\/p>\n","protected":false},"author":7,"featured_media":0,"comment_status":"open","ping_status":"closed","sticky":false,"template":"","format":"standard","meta":{"footnotes":""},"categories":[3],"tags":[],"class_list":["post-5175","post","type-post","status-publish","format-standard","hentry","category-noticias"],"_links":{"self":[{"href":"https:\/\/conadi.gob.gt\/web\/wp-json\/wp\/v2\/posts\/5175","targetHints":{"allow":["GET"]}}],"collection":[{"href":"https:\/\/conadi.gob.gt\/web\/wp-json\/wp\/v2\/posts"}],"about":[{"href":"https:\/\/conadi.gob.gt\/web\/wp-json\/wp\/v2\/types\/post"}],"author":[{"embeddable":true,"href":"https:\/\/conadi.gob.gt\/web\/wp-json\/wp\/v2\/users\/7"}],"replies":[{"embeddable":true,"href":"https:\/\/conadi.gob.gt\/web\/wp-json\/wp\/v2\/comments?post=5175"}],"version-history":[{"count":2,"href":"https:\/\/conadi.gob.gt\/web\/wp-json\/wp\/v2\/posts\/5175\/revisions"}],"predecessor-version":[{"id":5178,"href":"https:\/\/conadi.gob.gt\/web\/wp-json\/wp\/v2\/posts\/5175\/revisions\/5178"}],"wp:attachment":[{"href":"https:\/\/conadi.gob.gt\/web\/wp-json\/wp\/v2\/media?parent=5175"}],"wp:term":[{"taxonomy":"category","embeddable":true,"href":"https:\/\/conadi.gob.gt\/web\/wp-json\/wp\/v2\/categories?post=5175"},{"taxonomy":"post_tag","embeddable":true,"href":"https:\/\/conadi.gob.gt\/web\/wp-json\/wp\/v2\/tags?post=5175"}],"curies":[{"name":"wp","href":"https:\/\/api.w.org\/{rel}","templated":true}]}}