{"id":5202,"date":"2018-01-24T20:15:48","date_gmt":"2018-01-24T20:15:48","guid":{"rendered":"http:\/\/conadi.gob.gt\/web\/?p=5202"},"modified":"2018-01-24T20:18:35","modified_gmt":"2018-01-24T20:18:35","slug":"lanzan-campana-de-toma-de-conciencia-sobre-discapacidad","status":"publish","type":"post","link":"https:\/\/conadi.gob.gt\/web\/lanzan-campana-de-toma-de-conciencia-sobre-discapacidad\/","title":{"rendered":"Lanzan campa\u00f1a de Toma de Conciencia sobre Discapacidad"},"content":{"rendered":"<p>La campa\u00f1a interinstitucional de toma de conciencia denominada Inclusi\u00f3n y Dignidad\u201d, fue lanzada el 9 de enero de 2018 en el auditorio Carlos Garc\u00eda Bauer, de la Procuradur\u00eda de los Derechos Humanos, con la finalidad de promover los derechos de las personas con discapacidad. Asimismo, favorecer el acogimiento del grupo de personas con discapacidad que ser\u00e1n trasladadas al departamento de Quetzaltenango, mediante la toma de conciencia en la poblaci\u00f3n referida, haciendo hincapi\u00e9 que toda persona, no importando su condici\u00f3n, debe de asegur\u00e1rsele el acceso a gozar de los derechos elementales para su desarrollo en igualdad de condiciones con los dem\u00e1s.<br \/>\nLas entidades que unen esfuerzos en pro de la difusi\u00f3n de los derechos humanos de las Personas con Discapacidad son: la Procuradur\u00eda de los Derechos Humanos (PDH), el Consejo Nacional para la Atenci\u00f3n de las Personas con Discapacidad (CONADI), el Consejo Nacional de Adopciones (CNA), la Secretar\u00eda de Bienestar Social de la Presidencia (SBS), con el apoyo del Fondo de las Naciones Unidas para la Infancia (UNICEF-Guatemala).<br \/>\nLa campa\u00f1a conlleva publicaciones peri\u00f3dicas en la red institucional de las entidades involucradas, asimismo spots de audio y video que ser\u00e1n transmitidos en espacios de radio y televisi\u00f3n, especialmente de Quetzaltenango. Los productos comunicacionales ser\u00e1n transmitidos en radios aliadas y en los canales de comunicaci\u00f3n de las entidades participantes, y obtener de esta manera, una difusi\u00f3n masiva de los derechos humanos de las personas con discapacidad e incidir en la eliminaci\u00f3n de todas las barreras que impiden el desarrollo pleno de todas y todos los guatemaltecos, sin distinci\u00f3n de ning\u00fan tipo.<br \/>\nEs importante agregar que dicha acci\u00f3n surge a partir de que la Jueza Primera del Juzgado de Primera Instancia de la Ni\u00f1ez y Adolescencia del \u00c1rea Metropolitana emiti\u00f3 resoluci\u00f3n judicial el 27 de noviembre de 2017 en la que indica que las instituciones participantes deben presentar un informe antes de la pr\u00f3xima audiencia que se llevar\u00e1 a cabo el 15 de enero del a\u00f1o en curso, relacionado a la sensibilizaci\u00f3n que se realiz\u00f3 con la poblaci\u00f3n, al momento del traslado de las ni\u00f1as, ni\u00f1os, adolescentes y adultos con discapacidad del Centro Alida Espa\u00f1a a la SOSEP del municipio de La Esperanza, Quetzaltenango.<\/p>\n<figure id=\"attachment_5206\" aria-describedby=\"caption-attachment-5206\" style=\"width: 909px\" class=\"wp-caption aligncenter\"><a href=\"https:\/\/conadi.gob.gt\/web\/wp-content\/uploads\/2018\/01\/collage-pdh-guate.jpg\"><img loading=\"lazy\" decoding=\"async\" id=\"longdesc-return-5206\" longdesc=\"https:\/\/conadi.gob.gt\/web?longdesc=5206&#038;referrer=5202\" src=\"https:\/\/conadi.gob.gt\/web\/wp-content\/uploads\/2018\/01\/collage-pdh-guate-909x1024.jpg\" alt=\"Conferencia de prensa, lanzamiento de campa\u00f1a de toma de conciencia\" width=\"909\" height=\"1024\" class=\"size-large wp-image-5206\" srcset=\"https:\/\/conadi.gob.gt\/web\/wp-content\/uploads\/2018\/01\/collage-pdh-guate-909x1024.jpg 909w, https:\/\/conadi.gob.gt\/web\/wp-content\/uploads\/2018\/01\/collage-pdh-guate-266x300.jpg 266w, https:\/\/conadi.gob.gt\/web\/wp-content\/uploads\/2018\/01\/collage-pdh-guate.jpg 1953w\" sizes=\"auto, (max-width: 909px) 100vw, 909px\" \/><\/a><figcaption id=\"caption-attachment-5206\" class=\"wp-caption-text\">Lanzamiento de campa\u00f1a de toma de conciencia<\/figcaption><\/figure>\n","protected":false},"excerpt":{"rendered":"<p>La campa\u00f1a interinstitucional de toma de conciencia denominada Inclusi\u00f3n y Dignidad\u201d, fue lanzada el 9 de enero de 2018 en el auditorio Carlos Garc\u00eda Bauer, de la Procuradur\u00eda de los Derechos Humanos, con la finalidad de promover los derechos de las personas con discapacidad. Asimismo, favorecer el acogimiento del grupo de personas con discapacidad que &hellip; <\/p>\n<p class=\"link-more\"><a href=\"https:\/\/conadi.gob.gt\/web\/lanzan-campana-de-toma-de-conciencia-sobre-discapacidad\/\" class=\"more-link\">Leer m\u00e1s<span class=\"screen-reader-text\"> \u00abLanzan campa\u00f1a de Toma de Conciencia sobre Discapacidad\u00bb<\/span><\/a><\/p>\n","protected":false},"author":7,"featured_media":0,"comment_status":"open","ping_status":"closed","sticky":false,"template":"","format":"standard","meta":{"footnotes":""},"categories":[3,1],"tags":[],"class_list":["post-5202","post","type-post","status-publish","format-standard","hentry","category-noticias","category-sin-categoria"],"_links":{"self":[{"href":"https:\/\/conadi.gob.gt\/web\/wp-json\/wp\/v2\/posts\/5202","targetHints":{"allow":["GET"]}}],"collection":[{"href":"https:\/\/conadi.gob.gt\/web\/wp-json\/wp\/v2\/posts"}],"about":[{"href":"https:\/\/conadi.gob.gt\/web\/wp-json\/wp\/v2\/types\/post"}],"author":[{"embeddable":true,"href":"https:\/\/conadi.gob.gt\/web\/wp-json\/wp\/v2\/users\/7"}],"replies":[{"embeddable":true,"href":"https:\/\/conadi.gob.gt\/web\/wp-json\/wp\/v2\/comments?post=5202"}],"version-history":[{"count":1,"href":"https:\/\/conadi.gob.gt\/web\/wp-json\/wp\/v2\/posts\/5202\/revisions"}],"predecessor-version":[{"id":5207,"href":"https:\/\/conadi.gob.gt\/web\/wp-json\/wp\/v2\/posts\/5202\/revisions\/5207"}],"wp:attachment":[{"href":"https:\/\/conadi.gob.gt\/web\/wp-json\/wp\/v2\/media?parent=5202"}],"wp:term":[{"taxonomy":"category","embeddable":true,"href":"https:\/\/conadi.gob.gt\/web\/wp-json\/wp\/v2\/categories?post=5202"},{"taxonomy":"post_tag","embeddable":true,"href":"https:\/\/conadi.gob.gt\/web\/wp-json\/wp\/v2\/tags?post=5202"}],"curies":[{"name":"wp","href":"https:\/\/api.w.org\/{rel}","templated":true}]}}