{"id":5208,"date":"2018-01-24T22:17:22","date_gmt":"2018-01-24T22:17:22","guid":{"rendered":"http:\/\/conadi.gob.gt\/web\/?p=5208"},"modified":"2018-01-24T22:19:20","modified_gmt":"2018-01-24T22:19:20","slug":"inicia-campana-de-toma-de-conciencia-en-quetzaltenango","status":"publish","type":"post","link":"https:\/\/conadi.gob.gt\/web\/inicia-campana-de-toma-de-conciencia-en-quetzaltenango\/","title":{"rendered":"Inicia campa\u00f1a de toma de Conciencia en Quetzaltenango"},"content":{"rendered":"<p>En conferencia de prensa realizada en Quetzaltenango se inform\u00f3 sobre la situaci\u00f3n actual de los 38 ni\u00f1os, ni\u00f1as, adolescentes y adultos con discapacidad que ser\u00e1n trasladados al centro de acogimiento \u00abNidia Mart\u00ednez\u00bb, en la Esperanza, Quetzaltenango. Las personas con discapacidad a trasladar se encuentran ubicadas  en el Centro \u00c1lida Espa\u00f1a, quienes inicialmente se encontraban en el Hogar Seguro Virgen de la Asunci\u00f3n. Asimismo se present\u00f3 la campa\u00f1a de toma de conciencia \u00abInclusi\u00f3n y Dignidad\u00bb, que tiene la finalidad de fomentar la inclusi\u00f3n y respeto de la poblaci\u00f3n con discapacidad a trav\u00e9s de spots radiales y televisivos, y afiches digitales que son compartidos en las redes de instituciones aliadas. En el evento de prensa participaron, la procuradora adjunta de la PDH, Claudia Maselli; el presidente del Conadi, Jorge Yat; el subsecretario de la SBS, Ariel Polanco, y directivos del CONADI, Ana Pons y Noe Hinestroza.<\/p>\n<figure id=\"attachment_5209\" aria-describedby=\"caption-attachment-5209\" style=\"width: 407px\" class=\"wp-caption aligncenter\"><a href=\"https:\/\/conadi.gob.gt\/web\/wp-content\/uploads\/2018\/01\/collage-conferencia-xela.jpg\"><img loading=\"lazy\" decoding=\"async\" id=\"longdesc-return-5209\" longdesc=\"https:\/\/conadi.gob.gt\/web?longdesc=5209&#038;referrer=5208\" src=\"https:\/\/conadi.gob.gt\/web\/wp-content\/uploads\/2018\/01\/collage-conferencia-xela.jpg\" alt=\"Conferencia de prensa conjunta PDH, CONADI, SBS, UNICEF\" width=\"407\" height=\"407\" class=\"size-full wp-image-5209\" srcset=\"https:\/\/conadi.gob.gt\/web\/wp-content\/uploads\/2018\/01\/collage-conferencia-xela.jpg 407w, https:\/\/conadi.gob.gt\/web\/wp-content\/uploads\/2018\/01\/collage-conferencia-xela-150x150.jpg 150w, https:\/\/conadi.gob.gt\/web\/wp-content\/uploads\/2018\/01\/collage-conferencia-xela-300x300.jpg 300w\" sizes=\"auto, (max-width: 407px) 100vw, 407px\" \/><\/a><figcaption id=\"caption-attachment-5209\" class=\"wp-caption-text\">Lanzamiento de campa\u00f1a de toma de conciencia en Xela<\/figcaption><\/figure>\n","protected":false},"excerpt":{"rendered":"<p>En conferencia de prensa realizada en Quetzaltenango se inform\u00f3 sobre la situaci\u00f3n actual de los 38 ni\u00f1os, ni\u00f1as, adolescentes y adultos con discapacidad que ser\u00e1n trasladados al centro de acogimiento \u00abNidia Mart\u00ednez\u00bb, en la Esperanza, Quetzaltenango. Las personas con discapacidad a trasladar se encuentran ubicadas en el Centro \u00c1lida Espa\u00f1a, quienes inicialmente se encontraban en &hellip; <\/p>\n<p class=\"link-more\"><a href=\"https:\/\/conadi.gob.gt\/web\/inicia-campana-de-toma-de-conciencia-en-quetzaltenango\/\" class=\"more-link\">Leer m\u00e1s<span class=\"screen-reader-text\"> \u00abInicia campa\u00f1a de toma de Conciencia en Quetzaltenango\u00bb<\/span><\/a><\/p>\n","protected":false},"author":7,"featured_media":0,"comment_status":"open","ping_status":"closed","sticky":false,"template":"","format":"standard","meta":{"footnotes":""},"categories":[3,1],"tags":[],"class_list":["post-5208","post","type-post","status-publish","format-standard","hentry","category-noticias","category-sin-categoria"],"_links":{"self":[{"href":"https:\/\/conadi.gob.gt\/web\/wp-json\/wp\/v2\/posts\/5208","targetHints":{"allow":["GET"]}}],"collection":[{"href":"https:\/\/conadi.gob.gt\/web\/wp-json\/wp\/v2\/posts"}],"about":[{"href":"https:\/\/conadi.gob.gt\/web\/wp-json\/wp\/v2\/types\/post"}],"author":[{"embeddable":true,"href":"https:\/\/conadi.gob.gt\/web\/wp-json\/wp\/v2\/users\/7"}],"replies":[{"embeddable":true,"href":"https:\/\/conadi.gob.gt\/web\/wp-json\/wp\/v2\/comments?post=5208"}],"version-history":[{"count":2,"href":"https:\/\/conadi.gob.gt\/web\/wp-json\/wp\/v2\/posts\/5208\/revisions"}],"predecessor-version":[{"id":5211,"href":"https:\/\/conadi.gob.gt\/web\/wp-json\/wp\/v2\/posts\/5208\/revisions\/5211"}],"wp:attachment":[{"href":"https:\/\/conadi.gob.gt\/web\/wp-json\/wp\/v2\/media?parent=5208"}],"wp:term":[{"taxonomy":"category","embeddable":true,"href":"https:\/\/conadi.gob.gt\/web\/wp-json\/wp\/v2\/categories?post=5208"},{"taxonomy":"post_tag","embeddable":true,"href":"https:\/\/conadi.gob.gt\/web\/wp-json\/wp\/v2\/tags?post=5208"}],"curies":[{"name":"wp","href":"https:\/\/api.w.org\/{rel}","templated":true}]}}