{"id":5236,"date":"2018-02-20T15:30:10","date_gmt":"2018-02-20T15:30:10","guid":{"rendered":"http:\/\/conadi.gob.gt\/web\/?p=5236"},"modified":"2018-02-20T15:30:10","modified_gmt":"2018-02-20T15:30:10","slug":"conadi-reconoce-labor-de-atleta-paranacional","status":"publish","type":"post","link":"https:\/\/conadi.gob.gt\/web\/conadi-reconoce-labor-de-atleta-paranacional\/","title":{"rendered":"CONADI reconoce labor de atleta paranacional"},"content":{"rendered":"<p>La Convenci\u00f3n de las Naciones Unidas Sobre los Derechos de las Personas con Discapacidad, exhorta a los Estados Parte, a  promover la participaci\u00f3n en las actividades deportivas de las personas con discapacidad a todo nivel. Ante ello, el Consejo Nacional para la Atenci\u00f3n de las Personas con Discapacidad \u2013CONADI- a trav\u00e9s de una conferencia de prensa, dio a dar a conocer la nominaci\u00f3n del atleta guatemalteco con discapacidad visual, Oscar Rax\u00f3n, como el deportista del mes de Am\u00e9rica , postulado por el Comit\u00e9 Paral\u00edmpico Internacional<br \/>\n \tRax\u00f3n, tuvo una sobresaliente participaci\u00f3n en los II Juegos Paracentroamericanos realizados en Managua, Nicaragua, convirti\u00e9ndose en el atleta m\u00e1s destacado de la delegaci\u00f3n nacional, ganando tres de los siete oros conseguidos por Guatemala. Domin\u00f3 las pruebas de 800, 1,500 y 5,000 metros de la categor\u00eda T11,  junto a su gu\u00eda, Santos Mart\u00ednez.<br \/>\n\t\u00d3scar Rax\u00f3n naci\u00f3 el 19 de julio de 1984 en San Antonio  Los Trojes 1, en San Juan Sacatep\u00e9quez, es un atleta con discapacidad visual cong\u00e9nita. Al alcanzar la mayor\u00eda de edad dej\u00f3 su aldea y se traslad\u00f3 a Pal\u00edn, Escuintla;  para estudiar en la Escuela de Ciegos de Agroqu\u00edmica \u2013CECAP-, donde aprendi\u00f3 a leer en sistema braille, a realizar tareas de agricultura y se involucr\u00f3 en el deporte.<br \/>\n\tEn el 2003 inici\u00f3 su carrera deportiva al participar en la Carrera de la Luz y el Sonido, donde obtuvo el segundo lugar. Cada competici\u00f3n lo motivaba a seguir aprendiendo y a entrenarse.<br \/>\n\tEn el a\u00f1o 2007 particip\u00f3 en los Juegos Parapanamericanos de R\u00edo de Janeiro y estuvo a punto de ganar la medalla de bronce en los 10 mil metros, pero fue descalificado por adelantarse a su gu\u00eda brasile\u00f1o, quien lo acompa\u00f1\u00f3 en el recorrido, ya que quien lo hac\u00eda en sus entrenamientos en el pa\u00eds no pudo viajar con \u00e9l por falta de presupuesto.<br \/>\n\tSin embargo para el  2016, en los Juegos Paral\u00edmpicos de R\u00edo de Janeiro, Rax\u00f3n tuvo la oportunidad de competir junto a su gu\u00eda, Santos Tom\u00e1s Mart\u00ednez, logrando hacer un tiempo de 4:57.22 minutos, en los mil 500 metros.<br \/>\n\tSu especialidad han sido las pruebas de 5, 10 y 21 kil\u00f3metros, con logros destacados en carreras dominicales, campeonatos nacionales y Juegos Paracentroamericanos.<\/p>\n<figure id=\"attachment_5237\" aria-describedby=\"caption-attachment-5237\" style=\"width: 400px\" class=\"wp-caption aligncenter\"><a href=\"https:\/\/conadi.gob.gt\/web\/wp-content\/uploads\/2018\/02\/raxon-collage.jpg\"><img loading=\"lazy\" decoding=\"async\" id=\"longdesc-return-5237\" longdesc=\"https:\/\/conadi.gob.gt\/web?longdesc=5237&#038;referrer=5236\" src=\"https:\/\/conadi.gob.gt\/web\/wp-content\/uploads\/2018\/02\/raxon-collage.jpg\" alt=\"\u00d3scar Rax\u00f3n\" width=\"400\" height=\"400\" class=\"size-full wp-image-5237\" srcset=\"https:\/\/conadi.gob.gt\/web\/wp-content\/uploads\/2018\/02\/raxon-collage.jpg 400w, https:\/\/conadi.gob.gt\/web\/wp-content\/uploads\/2018\/02\/raxon-collage-150x150.jpg 150w, https:\/\/conadi.gob.gt\/web\/wp-content\/uploads\/2018\/02\/raxon-collage-300x300.jpg 300w\" sizes=\"auto, (max-width: 400px) 100vw, 400px\" \/><\/a><figcaption id=\"caption-attachment-5237\" class=\"wp-caption-text\">\u00d3scar Rax\u00f3n<\/figcaption><\/figure>\n","protected":false},"excerpt":{"rendered":"<p>La Convenci\u00f3n de las Naciones Unidas Sobre los Derechos de las Personas con Discapacidad, exhorta a los Estados Parte, a promover la participaci\u00f3n en las actividades deportivas de las personas con discapacidad a todo nivel. Ante ello, el Consejo Nacional para la Atenci\u00f3n de las Personas con Discapacidad \u2013CONADI- a trav\u00e9s de una conferencia de &hellip; <\/p>\n<p class=\"link-more\"><a href=\"https:\/\/conadi.gob.gt\/web\/conadi-reconoce-labor-de-atleta-paranacional\/\" class=\"more-link\">Leer m\u00e1s<span class=\"screen-reader-text\"> \u00abCONADI reconoce labor de atleta paranacional\u00bb<\/span><\/a><\/p>\n","protected":false},"author":7,"featured_media":0,"comment_status":"open","ping_status":"closed","sticky":false,"template":"","format":"standard","meta":{"footnotes":""},"categories":[3],"tags":[],"class_list":["post-5236","post","type-post","status-publish","format-standard","hentry","category-noticias"],"_links":{"self":[{"href":"https:\/\/conadi.gob.gt\/web\/wp-json\/wp\/v2\/posts\/5236","targetHints":{"allow":["GET"]}}],"collection":[{"href":"https:\/\/conadi.gob.gt\/web\/wp-json\/wp\/v2\/posts"}],"about":[{"href":"https:\/\/conadi.gob.gt\/web\/wp-json\/wp\/v2\/types\/post"}],"author":[{"embeddable":true,"href":"https:\/\/conadi.gob.gt\/web\/wp-json\/wp\/v2\/users\/7"}],"replies":[{"embeddable":true,"href":"https:\/\/conadi.gob.gt\/web\/wp-json\/wp\/v2\/comments?post=5236"}],"version-history":[{"count":1,"href":"https:\/\/conadi.gob.gt\/web\/wp-json\/wp\/v2\/posts\/5236\/revisions"}],"predecessor-version":[{"id":5238,"href":"https:\/\/conadi.gob.gt\/web\/wp-json\/wp\/v2\/posts\/5236\/revisions\/5238"}],"wp:attachment":[{"href":"https:\/\/conadi.gob.gt\/web\/wp-json\/wp\/v2\/media?parent=5236"}],"wp:term":[{"taxonomy":"category","embeddable":true,"href":"https:\/\/conadi.gob.gt\/web\/wp-json\/wp\/v2\/categories?post=5236"},{"taxonomy":"post_tag","embeddable":true,"href":"https:\/\/conadi.gob.gt\/web\/wp-json\/wp\/v2\/tags?post=5236"}],"curies":[{"name":"wp","href":"https:\/\/api.w.org\/{rel}","templated":true}]}}