{"id":5244,"date":"2018-02-28T22:07:03","date_gmt":"2018-02-28T22:07:03","guid":{"rendered":"http:\/\/conadi.gob.gt\/web\/?p=5244"},"modified":"2018-02-28T22:07:03","modified_gmt":"2018-02-28T22:07:03","slug":"poblacion-de-morales-izabal-ya-cuenta-con-omd","status":"publish","type":"post","link":"https:\/\/conadi.gob.gt\/web\/poblacion-de-morales-izabal-ya-cuenta-con-omd\/","title":{"rendered":"Poblaci\u00f3n de Morales, Izabal, ya cuenta con OMD"},"content":{"rendered":"<p>La administraci\u00f3n de la municipalidad de Morales, Izabal, inaugur\u00f3 el 28 de febrero de 2018, la Oficina municipal de discapacidad -OMD-. El evento cont\u00f3 con la presencia de autoridades del gobierno local, entre ellos el se\u00f1or vice-alcalde C\u00e9sar Hern\u00e1ndez y concejales. Como representante del CONADI particip\u00f3 Rosario Hern\u00e1ndez y Noelia Leiva de la CODEDIS departamental, y delegados de: SOSEP, PDH, SBS, MARN,MAGA.<br \/>\nEl escenario del acto protocolario fue el Estadio Municipal Mario Oswaldo Mena. La finalidad de establecer una oficina de esta modalidad en el municipio, es incluir dentro de los planes, proyecto y pol\u00edticas de la localidad la tem\u00e1tica de discapacidad.<br \/>\nCon la apertura de esta OMD se contin\u00faa avanzando en el cumplimiento al plan de Acci\u00f3n sobre discapacidad 2017-2021, el cual dispone aplicar la pol\u00edtica para la Inclusi\u00f3n de las Personas con Discapacidad a nivel nacional. Asimismo, atender las recomendaciones otorgadas al Estado guatemalteco por parte del Comit\u00e9 de Expertos en materia de Discapacidad de las Naciones Unidas, que instan a continuar con la apertura de las OMD\u00b4s en todo el territorio nacional. En el primer examen de pa\u00eds, se calific\u00f3 como una acci\u00f3n afirmativa la implementaci\u00f3n de Oficinas de este tipo.<\/p>\n<figure id=\"attachment_5245\" aria-describedby=\"caption-attachment-5245\" style=\"width: 1024px\" class=\"wp-caption aligncenter\"><a href=\"https:\/\/conadi.gob.gt\/web\/wp-content\/uploads\/2018\/02\/Morales-Izabal-2.jpeg\"><img loading=\"lazy\" decoding=\"async\" id=\"longdesc-return-5245\" longdesc=\"https:\/\/conadi.gob.gt\/web?longdesc=5245&#038;referrer=5244\" src=\"https:\/\/conadi.gob.gt\/web\/wp-content\/uploads\/2018\/02\/Morales-Izabal-2-1024x768.jpeg\" alt=\"Oficina Municipal de Discapacidad en Morales, Izabal\" width=\"1024\" height=\"768\" class=\"size-large wp-image-5245\" srcset=\"https:\/\/conadi.gob.gt\/web\/wp-content\/uploads\/2018\/02\/Morales-Izabal-2-1024x768.jpeg 1024w, https:\/\/conadi.gob.gt\/web\/wp-content\/uploads\/2018\/02\/Morales-Izabal-2-300x225.jpeg 300w, https:\/\/conadi.gob.gt\/web\/wp-content\/uploads\/2018\/02\/Morales-Izabal-2-45x35.jpeg 45w, https:\/\/conadi.gob.gt\/web\/wp-content\/uploads\/2018\/02\/Morales-Izabal-2.jpeg 1032w\" sizes=\"auto, (max-width: 1024px) 100vw, 1024px\" \/><\/a><figcaption id=\"caption-attachment-5245\" class=\"wp-caption-text\">OMD en Morales Izabal<\/figcaption><\/figure>\n","protected":false},"excerpt":{"rendered":"<p>La administraci\u00f3n de la municipalidad de Morales, Izabal, inaugur\u00f3 el 28 de febrero de 2018, la Oficina municipal de discapacidad -OMD-. El evento cont\u00f3 con la presencia de autoridades del gobierno local, entre ellos el se\u00f1or vice-alcalde C\u00e9sar Hern\u00e1ndez y concejales. Como representante del CONADI particip\u00f3 Rosario Hern\u00e1ndez y Noelia Leiva de la CODEDIS departamental, &hellip; <\/p>\n<p class=\"link-more\"><a href=\"https:\/\/conadi.gob.gt\/web\/poblacion-de-morales-izabal-ya-cuenta-con-omd\/\" class=\"more-link\">Leer m\u00e1s<span class=\"screen-reader-text\"> \u00abPoblaci\u00f3n de Morales, Izabal, ya cuenta con OMD\u00bb<\/span><\/a><\/p>\n","protected":false},"author":7,"featured_media":0,"comment_status":"open","ping_status":"closed","sticky":false,"template":"","format":"standard","meta":{"footnotes":""},"categories":[3],"tags":[],"class_list":["post-5244","post","type-post","status-publish","format-standard","hentry","category-noticias"],"_links":{"self":[{"href":"https:\/\/conadi.gob.gt\/web\/wp-json\/wp\/v2\/posts\/5244","targetHints":{"allow":["GET"]}}],"collection":[{"href":"https:\/\/conadi.gob.gt\/web\/wp-json\/wp\/v2\/posts"}],"about":[{"href":"https:\/\/conadi.gob.gt\/web\/wp-json\/wp\/v2\/types\/post"}],"author":[{"embeddable":true,"href":"https:\/\/conadi.gob.gt\/web\/wp-json\/wp\/v2\/users\/7"}],"replies":[{"embeddable":true,"href":"https:\/\/conadi.gob.gt\/web\/wp-json\/wp\/v2\/comments?post=5244"}],"version-history":[{"count":1,"href":"https:\/\/conadi.gob.gt\/web\/wp-json\/wp\/v2\/posts\/5244\/revisions"}],"predecessor-version":[{"id":5246,"href":"https:\/\/conadi.gob.gt\/web\/wp-json\/wp\/v2\/posts\/5244\/revisions\/5246"}],"wp:attachment":[{"href":"https:\/\/conadi.gob.gt\/web\/wp-json\/wp\/v2\/media?parent=5244"}],"wp:term":[{"taxonomy":"category","embeddable":true,"href":"https:\/\/conadi.gob.gt\/web\/wp-json\/wp\/v2\/categories?post=5244"},{"taxonomy":"post_tag","embeddable":true,"href":"https:\/\/conadi.gob.gt\/web\/wp-json\/wp\/v2\/tags?post=5244"}],"curies":[{"name":"wp","href":"https:\/\/api.w.org\/{rel}","templated":true}]}}