{"id":5262,"date":"2018-03-05T14:55:45","date_gmt":"2018-03-05T14:55:45","guid":{"rendered":"http:\/\/conadi.gob.gt\/web\/?p=5262"},"modified":"2018-03-05T15:00:26","modified_gmt":"2018-03-05T15:00:26","slug":"inauguran-casa-de-abrigo-nidia-martinez","status":"publish","type":"post","link":"https:\/\/conadi.gob.gt\/web\/inauguran-casa-de-abrigo-nidia-martinez\/","title":{"rendered":"INAUGURAN CASA DE ABRIGO \u00abNIDIA MART\u00cdNEZ\u00bb"},"content":{"rendered":"<p>El 2 de marzo del a\u00f1o en curso fue inaugurada la casa abrigo Nidia Mart\u00ednez, en la Esperanza, Quetzaltenango, donde se traslado a 38 personas con discapacidad del centro Alida Espa\u00f1a, las personas trasladadas inicialmente estaban albergadas en el Hogar Seguro, Virgen de la Asunci\u00f3n. En la actividad particip\u00f3 la esposa del presidente, Patricia Marroquin de Morales; la secretaria de Bienestar Social, Patricia Contreras; el alcalde municipal, Abrahim Zelada L\u00f3pez. En tanto por el CONADI particip\u00f3, el director institucional, Sebasti\u00e1n Toledo, quien manifest\u00f3 que debe darse continuidad a la construcci\u00f3n de un modelo de intervenci\u00f3n adecuado para personas con discapacidad. Asimismo, se cont\u00f3 con la presencia de representantes del cuerpo de ingenieros del ejercito de Guatemala, personal que realiz\u00f3 el remozamiento y los se\u00f1ores padres, de Nidia Mart\u00ednez, trabajadora social que en vida apoyo la instauraci\u00f3n de proyectos de personas con discapacidad.<br \/>\nEl CONADI particip\u00f3 en 10 monitores durante el proceso de remozamiento de la casa de abrigo, asimismo verific\u00f3 que durante el traslado las personas con discapacidad contaran con las condiciones adecuadas.<\/p>\n<figure id=\"attachment_5263\" aria-describedby=\"caption-attachment-5263\" style=\"width: 400px\" class=\"wp-caption aligncenter\"><a href=\"https:\/\/conadi.gob.gt\/web\/wp-content\/uploads\/2018\/03\/collage-inauguraci\u00f3n-casa-abrigo-nidia-martinesz.jpg\"><img loading=\"lazy\" decoding=\"async\" id=\"longdesc-return-5263\" longdesc=\"https:\/\/conadi.gob.gt\/web?longdesc=5263&#038;referrer=5262\" src=\"https:\/\/conadi.gob.gt\/web\/wp-content\/uploads\/2018\/03\/collage-inauguraci\u00f3n-casa-abrigo-nidia-martinesz.jpg\" alt=\"Casa abrigo Nidia Mart\u00ednez\" width=\"400\" height=\"400\" class=\"size-full wp-image-5263\" srcset=\"https:\/\/conadi.gob.gt\/web\/wp-content\/uploads\/2018\/03\/collage-inauguraci\u00f3n-casa-abrigo-nidia-martinesz.jpg 400w, https:\/\/conadi.gob.gt\/web\/wp-content\/uploads\/2018\/03\/collage-inauguraci\u00f3n-casa-abrigo-nidia-martinesz-150x150.jpg 150w, https:\/\/conadi.gob.gt\/web\/wp-content\/uploads\/2018\/03\/collage-inauguraci\u00f3n-casa-abrigo-nidia-martinesz-300x300.jpg 300w\" sizes=\"auto, (max-width: 400px) 100vw, 400px\" \/><\/a><figcaption id=\"caption-attachment-5263\" class=\"wp-caption-text\">Inauguraci\u00f3n Casa abrigo Nidia Mart\u00ednez<\/figcaption><\/figure>\n","protected":false},"excerpt":{"rendered":"<p>El 2 de marzo del a\u00f1o en curso fue inaugurada la casa abrigo Nidia Mart\u00ednez, en la Esperanza, Quetzaltenango, donde se traslado a 38 personas con discapacidad del centro Alida Espa\u00f1a, las personas trasladadas inicialmente estaban albergadas en el Hogar Seguro, Virgen de la Asunci\u00f3n. En la actividad particip\u00f3 la esposa del presidente, Patricia Marroquin &hellip; <\/p>\n<p class=\"link-more\"><a href=\"https:\/\/conadi.gob.gt\/web\/inauguran-casa-de-abrigo-nidia-martinez\/\" class=\"more-link\">Leer m\u00e1s<span class=\"screen-reader-text\"> \u00abINAUGURAN CASA DE ABRIGO \u00abNIDIA MART\u00cdNEZ\u00bb\u00bb<\/span><\/a><\/p>\n","protected":false},"author":7,"featured_media":0,"comment_status":"open","ping_status":"closed","sticky":false,"template":"","format":"standard","meta":{"footnotes":""},"categories":[3,1],"tags":[],"class_list":["post-5262","post","type-post","status-publish","format-standard","hentry","category-noticias","category-sin-categoria"],"_links":{"self":[{"href":"https:\/\/conadi.gob.gt\/web\/wp-json\/wp\/v2\/posts\/5262","targetHints":{"allow":["GET"]}}],"collection":[{"href":"https:\/\/conadi.gob.gt\/web\/wp-json\/wp\/v2\/posts"}],"about":[{"href":"https:\/\/conadi.gob.gt\/web\/wp-json\/wp\/v2\/types\/post"}],"author":[{"embeddable":true,"href":"https:\/\/conadi.gob.gt\/web\/wp-json\/wp\/v2\/users\/7"}],"replies":[{"embeddable":true,"href":"https:\/\/conadi.gob.gt\/web\/wp-json\/wp\/v2\/comments?post=5262"}],"version-history":[{"count":2,"href":"https:\/\/conadi.gob.gt\/web\/wp-json\/wp\/v2\/posts\/5262\/revisions"}],"predecessor-version":[{"id":5265,"href":"https:\/\/conadi.gob.gt\/web\/wp-json\/wp\/v2\/posts\/5262\/revisions\/5265"}],"wp:attachment":[{"href":"https:\/\/conadi.gob.gt\/web\/wp-json\/wp\/v2\/media?parent=5262"}],"wp:term":[{"taxonomy":"category","embeddable":true,"href":"https:\/\/conadi.gob.gt\/web\/wp-json\/wp\/v2\/categories?post=5262"},{"taxonomy":"post_tag","embeddable":true,"href":"https:\/\/conadi.gob.gt\/web\/wp-json\/wp\/v2\/tags?post=5262"}],"curies":[{"name":"wp","href":"https:\/\/api.w.org\/{rel}","templated":true}]}}