{"id":5266,"date":"2018-03-06T18:10:47","date_gmt":"2018-03-06T18:10:47","guid":{"rendered":"http:\/\/conadi.gob.gt\/web\/?p=5266"},"modified":"2018-03-06T18:10:47","modified_gmt":"2018-03-06T18:10:47","slug":"micude-y-conadi-suscriben-convenio","status":"publish","type":"post","link":"https:\/\/conadi.gob.gt\/web\/micude-y-conadi-suscriben-convenio\/","title":{"rendered":"MICUDE y CONADI suscriben Convenio"},"content":{"rendered":"<p>El Patio de la Paz del Palacio Nacional de la Cultura fue el escenario de la firma del convenio de cooperaci\u00f3n interinstitucional, entre el Ministerio de Cultura y Deportes -MICUDE- y el Consejo Nacional para la Atenci\u00f3n de las Personas con Discapacidad -CONADI-. El convenio fue formalizado el 1 de marzo de 2018, por Edgar B\u00facaro P\u00e9rez, director General del Deporte y la Recreaci\u00f3n y William Patz\u00e1n, vice-presidente del CONADI. Asimismo, en la mesa directiva particip\u00f3 la diputada Sandra Cruz, presidenta de la Comisi\u00f3n Sobre Asuntos de Discapacidad del Organismo Legislativo.<br \/>\n\tCon la suscripci\u00f3n de este instrumento, el MICUDE se compromete a trabajar de manera conjunta con el CONADI en la promoci\u00f3n de los derechos y la inclusi\u00f3n de las personas con discapacidad en las acciones de cada instituci\u00f3n, entre estas: tener acceso en igualdad de condiciones en actividades recreativas, de descanso y esparcimiento, actividades necesarias para la conservaci\u00f3n de la salud y mejoramiento de la calidad de vida, favoreciendo las condiciones de participaci\u00f3n y acceso a la pr\u00e1ctica del deporte no federado. Dichas actividades coadyuvan a alcanzar los objetivos de la cartera de Cultura, incluyendo el componente de discapacidad en las pol\u00edticas, programas, proyectos, planes y servicio.<br \/>\n\tAdem\u00e1s, el ministerio deber\u00e1 formular programas y proyectos que fortalezcan la institucionalizaci\u00f3n de la cultura f\u00edsica, la recreaci\u00f3n y el deporte no escolar y no federado, bajo el enfoque de las personas con discapacidad. Asimismo, el MICUDE deber\u00e1 implementar las coordinaciones necesarias para la producci\u00f3n y distribuci\u00f3n de informaci\u00f3n sobre cultura f\u00edsica, deporte no escolar y no federado y recreaci\u00f3n en formatos accesibles.<br \/>\n\tEn tanto; el CONADI deber\u00e1 asesorar en la aplicaci\u00f3n del cumplimiento de la inclusi\u00f3n del componente de discapacidad en los programas y pol\u00edticas del Ministerio, por ello, deber\u00e1 conformar un equipo t\u00e9cnico para el seguimiento de la ejecuci\u00f3n de las acciones dirigidas a la poblaci\u00f3n con discapacidad.<br \/>\n\tEl Consejo tendr\u00e1 que dar seguimiento a la formulaci\u00f3n de las herramientas de car\u00e1cter t\u00e9cnico y pol\u00edtico para la inclusi\u00f3n en las pol\u00edticas, planes y programas del Ministerio y establecer\u00e1 v\u00ednculos entre las organizaciones de personas con discapacidad a nivel nacional con la Direcci\u00f3n de \u00c1reas Sustantivas de la Direcci\u00f3n General del Deporte y la Recreaci\u00f3n, a trav\u00e9s del programa de \u201cCapacidades Especiales\u201d.<br \/>\n\tLa suscripci\u00f3n permitir\u00e1 coadyuvar en el cumplimiento de los compromisos adoptados por el Estado guatemalteco, como pa\u00eds signatario de convenio y tratados nacionales e internacionales en materia de derechos de las personas con discapacidad. Especialmente en el avance  del cumplimiento del art\u00edculo 30 de la Convenci\u00f3n de las Naciones Unidas Sobre los Derechos de las Personas con Discapacidad,  que reconoce el derecho de las personas con discapacidad a participar en igualdad de condiciones en la vida cultural y deportiva.<br \/>\n\tEs importante agregar que el Comit\u00e9 de Expertos de las Naciones Unidas en materia de discapacidad al Estado de Guatemala, recomienda que todo material informativo y de cultura sea publicado en formatos accesibles, acci\u00f3n contenida en el convenio suscrito.<\/p>\n<figure id=\"attachment_5267\" aria-describedby=\"caption-attachment-5267\" style=\"width: 400px\" class=\"wp-caption aligncenter\"><a href=\"https:\/\/conadi.gob.gt\/web\/wp-content\/uploads\/2018\/03\/convenio-micude-conadi.jpg\"><img loading=\"lazy\" decoding=\"async\" id=\"longdesc-return-5267\" longdesc=\"https:\/\/conadi.gob.gt\/web?longdesc=5267&#038;referrer=5266\" src=\"https:\/\/conadi.gob.gt\/web\/wp-content\/uploads\/2018\/03\/convenio-micude-conadi.jpg\" alt=\"Convenio MICUDE-CONADI\" width=\"400\" height=\"400\" class=\"size-full wp-image-5267\" srcset=\"https:\/\/conadi.gob.gt\/web\/wp-content\/uploads\/2018\/03\/convenio-micude-conadi.jpg 400w, https:\/\/conadi.gob.gt\/web\/wp-content\/uploads\/2018\/03\/convenio-micude-conadi-150x150.jpg 150w, https:\/\/conadi.gob.gt\/web\/wp-content\/uploads\/2018\/03\/convenio-micude-conadi-300x300.jpg 300w\" sizes=\"auto, (max-width: 400px) 100vw, 400px\" \/><\/a><figcaption id=\"caption-attachment-5267\" class=\"wp-caption-text\">Convenio Micude-CONADI<\/figcaption><\/figure>\n","protected":false},"excerpt":{"rendered":"<p>El Patio de la Paz del Palacio Nacional de la Cultura fue el escenario de la firma del convenio de cooperaci\u00f3n interinstitucional, entre el Ministerio de Cultura y Deportes -MICUDE- y el Consejo Nacional para la Atenci\u00f3n de las Personas con Discapacidad -CONADI-. El convenio fue formalizado el 1 de marzo de 2018, por Edgar &hellip; <\/p>\n<p class=\"link-more\"><a href=\"https:\/\/conadi.gob.gt\/web\/micude-y-conadi-suscriben-convenio\/\" class=\"more-link\">Leer m\u00e1s<span class=\"screen-reader-text\"> \u00abMICUDE y CONADI suscriben Convenio\u00bb<\/span><\/a><\/p>\n","protected":false},"author":7,"featured_media":0,"comment_status":"open","ping_status":"closed","sticky":false,"template":"","format":"standard","meta":{"footnotes":""},"categories":[3],"tags":[],"class_list":["post-5266","post","type-post","status-publish","format-standard","hentry","category-noticias"],"_links":{"self":[{"href":"https:\/\/conadi.gob.gt\/web\/wp-json\/wp\/v2\/posts\/5266","targetHints":{"allow":["GET"]}}],"collection":[{"href":"https:\/\/conadi.gob.gt\/web\/wp-json\/wp\/v2\/posts"}],"about":[{"href":"https:\/\/conadi.gob.gt\/web\/wp-json\/wp\/v2\/types\/post"}],"author":[{"embeddable":true,"href":"https:\/\/conadi.gob.gt\/web\/wp-json\/wp\/v2\/users\/7"}],"replies":[{"embeddable":true,"href":"https:\/\/conadi.gob.gt\/web\/wp-json\/wp\/v2\/comments?post=5266"}],"version-history":[{"count":1,"href":"https:\/\/conadi.gob.gt\/web\/wp-json\/wp\/v2\/posts\/5266\/revisions"}],"predecessor-version":[{"id":5268,"href":"https:\/\/conadi.gob.gt\/web\/wp-json\/wp\/v2\/posts\/5266\/revisions\/5268"}],"wp:attachment":[{"href":"https:\/\/conadi.gob.gt\/web\/wp-json\/wp\/v2\/media?parent=5266"}],"wp:term":[{"taxonomy":"category","embeddable":true,"href":"https:\/\/conadi.gob.gt\/web\/wp-json\/wp\/v2\/categories?post=5266"},{"taxonomy":"post_tag","embeddable":true,"href":"https:\/\/conadi.gob.gt\/web\/wp-json\/wp\/v2\/tags?post=5266"}],"curies":[{"name":"wp","href":"https:\/\/api.w.org\/{rel}","templated":true}]}}