{"id":5269,"date":"2018-03-07T16:16:59","date_gmt":"2018-03-07T16:16:59","guid":{"rendered":"http:\/\/conadi.gob.gt\/web\/?p=5269"},"modified":"2018-03-07T16:16:59","modified_gmt":"2018-03-07T16:16:59","slug":"embajadores-respaldan-creacion-de-un-ente-regional-sobre-discapacidad","status":"publish","type":"post","link":"https:\/\/conadi.gob.gt\/web\/embajadores-respaldan-creacion-de-un-ente-regional-sobre-discapacidad\/","title":{"rendered":"Embajadores respaldan creaci\u00f3n de un ente regional sobre Discapacidad"},"content":{"rendered":"<p>Autoridades del CONADI, Jorge Yat, presidente y Sebasti\u00e1n Toledo, director institucional mantuvieron un encuentro de alto nivel con el cuerpo diplom\u00e1tico de los pa\u00edses que integran el Sistema de Integraci\u00f3n Centroamericana -SICA-, con la finalidad de abordar la creaci\u00f3n de un ente regional en materia de discapacidad y presentar los avances en la materia. En la actividad particip\u00f3, Vivian Panting, embajadora de Honduras; \u00d3scar Hern\u00e1ndez, embajador de El Salvador, Dr. Elic Fern\u00e1ndez, embajador de Rep\u00fablica Dominicana. Asimismo, asistieron Kyrshanie Itiana Pott, primer secretario de la embajada de Belice, Cinthia Trinidad Solis, ministro consejero de Costa Rica y el embajador Jos\u00e9 Didacio Pitti de Panam\u00e1, cont\u00f3 con un representante.<br \/>\nAdem\u00e1s en el c\u00f3nclave, Rosa Aldana, candidata para integrar el Comit\u00e9 de Expertos de las Naciones Unidas en materia de discapacidad, present\u00f3 su plan de trabajo, el cual contempla la instalaci\u00f3n de un observatorio de cumplimiento de la Convenci\u00f3n Sobre los Derechos de las Personas con Discapacidad. Los embajadores manifestaron su respaldo a los dos temas de proyecci\u00f3n internacional que impulsa el CONADI, con la finalidad de alcanzar el cumplimiento de los instrumentos de derechos humanos, que buscan la inclusi\u00f3n de la poblaci\u00f3n con discapacidad.<\/p>\n<figure id=\"attachment_5270\" aria-describedby=\"caption-attachment-5270\" style=\"width: 400px\" class=\"wp-caption aligncenter\"><a href=\"https:\/\/conadi.gob.gt\/web\/wp-content\/uploads\/2018\/03\/Reunion-embajadores-ca-y-caribe.jpg\"><img loading=\"lazy\" decoding=\"async\" id=\"longdesc-return-5270\" longdesc=\"https:\/\/conadi.gob.gt\/web?longdesc=5270&#038;referrer=5269\" src=\"https:\/\/conadi.gob.gt\/web\/wp-content\/uploads\/2018\/03\/Reunion-embajadores-ca-y-caribe.jpg\" alt=\"Embajadores de Centro Am\u00e9rica y Rep\u00fablica Dominicana\" width=\"400\" height=\"400\" class=\"size-full wp-image-5270\" srcset=\"https:\/\/conadi.gob.gt\/web\/wp-content\/uploads\/2018\/03\/Reunion-embajadores-ca-y-caribe.jpg 400w, https:\/\/conadi.gob.gt\/web\/wp-content\/uploads\/2018\/03\/Reunion-embajadores-ca-y-caribe-150x150.jpg 150w, https:\/\/conadi.gob.gt\/web\/wp-content\/uploads\/2018\/03\/Reunion-embajadores-ca-y-caribe-300x300.jpg 300w\" sizes=\"auto, (max-width: 400px) 100vw, 400px\" \/><\/a><figcaption id=\"caption-attachment-5270\" class=\"wp-caption-text\">Embajadores<\/figcaption><\/figure>\n","protected":false},"excerpt":{"rendered":"<p>Autoridades del CONADI, Jorge Yat, presidente y Sebasti\u00e1n Toledo, director institucional mantuvieron un encuentro de alto nivel con el cuerpo diplom\u00e1tico de los pa\u00edses que integran el Sistema de Integraci\u00f3n Centroamericana -SICA-, con la finalidad de abordar la creaci\u00f3n de un ente regional en materia de discapacidad y presentar los avances en la materia. En &hellip; <\/p>\n<p class=\"link-more\"><a href=\"https:\/\/conadi.gob.gt\/web\/embajadores-respaldan-creacion-de-un-ente-regional-sobre-discapacidad\/\" class=\"more-link\">Leer m\u00e1s<span class=\"screen-reader-text\"> \u00abEmbajadores respaldan creaci\u00f3n de un ente regional sobre Discapacidad\u00bb<\/span><\/a><\/p>\n","protected":false},"author":7,"featured_media":0,"comment_status":"open","ping_status":"closed","sticky":false,"template":"","format":"standard","meta":{"footnotes":""},"categories":[3],"tags":[],"class_list":["post-5269","post","type-post","status-publish","format-standard","hentry","category-noticias"],"_links":{"self":[{"href":"https:\/\/conadi.gob.gt\/web\/wp-json\/wp\/v2\/posts\/5269","targetHints":{"allow":["GET"]}}],"collection":[{"href":"https:\/\/conadi.gob.gt\/web\/wp-json\/wp\/v2\/posts"}],"about":[{"href":"https:\/\/conadi.gob.gt\/web\/wp-json\/wp\/v2\/types\/post"}],"author":[{"embeddable":true,"href":"https:\/\/conadi.gob.gt\/web\/wp-json\/wp\/v2\/users\/7"}],"replies":[{"embeddable":true,"href":"https:\/\/conadi.gob.gt\/web\/wp-json\/wp\/v2\/comments?post=5269"}],"version-history":[{"count":1,"href":"https:\/\/conadi.gob.gt\/web\/wp-json\/wp\/v2\/posts\/5269\/revisions"}],"predecessor-version":[{"id":5271,"href":"https:\/\/conadi.gob.gt\/web\/wp-json\/wp\/v2\/posts\/5269\/revisions\/5271"}],"wp:attachment":[{"href":"https:\/\/conadi.gob.gt\/web\/wp-json\/wp\/v2\/media?parent=5269"}],"wp:term":[{"taxonomy":"category","embeddable":true,"href":"https:\/\/conadi.gob.gt\/web\/wp-json\/wp\/v2\/categories?post=5269"},{"taxonomy":"post_tag","embeddable":true,"href":"https:\/\/conadi.gob.gt\/web\/wp-json\/wp\/v2\/tags?post=5269"}],"curies":[{"name":"wp","href":"https:\/\/api.w.org\/{rel}","templated":true}]}}