{"id":5303,"date":"2018-04-12T14:31:16","date_gmt":"2018-04-12T14:31:16","guid":{"rendered":"http:\/\/conadi.gob.gt\/web\/?p=5303"},"modified":"2018-06-20T19:29:17","modified_gmt":"2018-06-20T19:29:17","slug":"5303","status":"publish","type":"post","link":"https:\/\/conadi.gob.gt\/web\/5303\/","title":{"rendered":"San Jeronimo B.V. suscribe convenio con el CONADI"},"content":{"rendered":"<p>La Municipalidad de San Jer\u00f3nimo Baja Verapaz y el Consejo Nacional para la Atenci\u00f3n de las Personas con Discapacidad, -CONADI- suscribieron un convenio de cooperaci\u00f3n el 3 de abril de 2018. Este acuerdo contempla la inclusi\u00f3n de la poblaci\u00f3n con discapacidad en los programas y proyectos de desarrollo integral del gobierno municipal. El convenio fue firmado por el alcalde de la localidad Moises Canahui y el sr. Jorge Enrique Yat, presidente del CONADI.<br \/>\nCon este acto realizado ante la tribuna municipal, se da un paso fundamental en el apoyo a las personas con discapacidad. Asunto que en los \u00faltimos a\u00f1os, se pretende atender desde un modelo de derechos humanos, en el que la comunidad y sus autoridades juegan un papel muy importante. Ya que es esta misma con sus recursos institucionales y organizarles, debe involucrarse en todo el proceso que conlleva la inclusi\u00f3n de las personas con discapacidad.<\/p>\n<figure id=\"attachment_5390\" aria-describedby=\"caption-attachment-5390\" style=\"width: 409px\" class=\"wp-caption aligncenter\"><a href=\"https:\/\/conadi.gob.gt\/web\/wp-content\/uploads\/2018\/04\/collage-san-jeronimo.jpg\"><img loading=\"lazy\" decoding=\"async\" id=\"longdesc-return-5390\" longdesc=\"https:\/\/conadi.gob.gt\/web?longdesc=5390&#038;referrer=5303\" src=\"https:\/\/conadi.gob.gt\/web\/wp-content\/uploads\/2018\/04\/collage-san-jeronimo.jpg\" alt=\"CONADI-Muni San Jer\u00f3nimo\" width=\"409\" height=\"409\" class=\"size-full wp-image-5390\" srcset=\"https:\/\/conadi.gob.gt\/web\/wp-content\/uploads\/2018\/04\/collage-san-jeronimo.jpg 409w, https:\/\/conadi.gob.gt\/web\/wp-content\/uploads\/2018\/04\/collage-san-jeronimo-150x150.jpg 150w, https:\/\/conadi.gob.gt\/web\/wp-content\/uploads\/2018\/04\/collage-san-jeronimo-300x300.jpg 300w\" sizes=\"auto, (max-width: 409px) 100vw, 409px\" \/><\/a><figcaption id=\"caption-attachment-5390\" class=\"wp-caption-text\">CONADI firma convenio con la municipalidad de San Jer\u00f3nimo<\/figcaption><\/figure>\n","protected":false},"excerpt":{"rendered":"<p>La Municipalidad de San Jer\u00f3nimo Baja Verapaz y el Consejo Nacional para la Atenci\u00f3n de las Personas con Discapacidad, -CONADI- suscribieron un convenio de cooperaci\u00f3n el 3 de abril de 2018. Este acuerdo contempla la inclusi\u00f3n de la poblaci\u00f3n con discapacidad en los programas y proyectos de desarrollo integral del gobierno municipal. El convenio fue &hellip; <\/p>\n<p class=\"link-more\"><a href=\"https:\/\/conadi.gob.gt\/web\/5303\/\" class=\"more-link\">Leer m\u00e1s<span class=\"screen-reader-text\"> \u00abSan Jeronimo B.V. suscribe convenio con el CONADI\u00bb<\/span><\/a><\/p>\n","protected":false},"author":7,"featured_media":0,"comment_status":"open","ping_status":"closed","sticky":false,"template":"","format":"standard","meta":{"footnotes":""},"categories":[3],"tags":[],"class_list":["post-5303","post","type-post","status-publish","format-standard","hentry","category-noticias"],"_links":{"self":[{"href":"https:\/\/conadi.gob.gt\/web\/wp-json\/wp\/v2\/posts\/5303","targetHints":{"allow":["GET"]}}],"collection":[{"href":"https:\/\/conadi.gob.gt\/web\/wp-json\/wp\/v2\/posts"}],"about":[{"href":"https:\/\/conadi.gob.gt\/web\/wp-json\/wp\/v2\/types\/post"}],"author":[{"embeddable":true,"href":"https:\/\/conadi.gob.gt\/web\/wp-json\/wp\/v2\/users\/7"}],"replies":[{"embeddable":true,"href":"https:\/\/conadi.gob.gt\/web\/wp-json\/wp\/v2\/comments?post=5303"}],"version-history":[{"count":5,"href":"https:\/\/conadi.gob.gt\/web\/wp-json\/wp\/v2\/posts\/5303\/revisions"}],"predecessor-version":[{"id":5391,"href":"https:\/\/conadi.gob.gt\/web\/wp-json\/wp\/v2\/posts\/5303\/revisions\/5391"}],"wp:attachment":[{"href":"https:\/\/conadi.gob.gt\/web\/wp-json\/wp\/v2\/media?parent=5303"}],"wp:term":[{"taxonomy":"category","embeddable":true,"href":"https:\/\/conadi.gob.gt\/web\/wp-json\/wp\/v2\/categories?post=5303"},{"taxonomy":"post_tag","embeddable":true,"href":"https:\/\/conadi.gob.gt\/web\/wp-json\/wp\/v2\/tags?post=5303"}],"curies":[{"name":"wp","href":"https:\/\/api.w.org\/{rel}","templated":true}]}}