{"id":5335,"date":"2018-05-23T19:39:39","date_gmt":"2018-05-23T19:39:39","guid":{"rendered":"http:\/\/conadi.gob.gt\/web\/?p=5335"},"modified":"2018-05-23T19:39:39","modified_gmt":"2018-05-23T19:39:39","slug":"presentan-campana-inclusiva-del-censo-2018","status":"publish","type":"post","link":"https:\/\/conadi.gob.gt\/web\/presentan-campana-inclusiva-del-censo-2018\/","title":{"rendered":"Presentan Campa\u00f1a Inclusiva del Censo 2018"},"content":{"rendered":"<p>En un hotel capitalino se realiz\u00f3 la presentaci\u00f3n de la campa\u00f1a \u201cIdentif\u00edcate\u201d, que cont\u00f3 con la presencia de Fredy G\u00f3mez, subgerente del INE Guatemala, Eduardo R\u00edos, director del CensoGt, Mar\u00eda Luisa Rivas, representante de UNFPA Guatemala, Melvyn Teni, de CISP Italia, Marcos Santiago de la Academia De Lenguas Mayas De Guatemala. y la diputada Sandra Cruz, presidenta de la Comisi\u00f3n sobre Asuntos de Discapacidad del Congreso de Guatemala.<br \/>\nLa campa\u00f1a ha sido elaborada en espa\u00f1ol y en los idiomas: quiche, kakchiquel, man, quekchi, con el apoyo de la Academia de Lenguas Mayas de Guatemala y el respaldo de la Uni\u00f3n Europea y CISP Italia.<br \/>\nLa misma estar\u00e1 vigente del 22 de junio al 22 de agosto de 2018, y busca motivar a la poblaci\u00f3n con discapacidad a que haga saber su condici\u00f3n en el XII Censo Nacional de Poblaci\u00f3n y el VII Censo Nacional de Vivienda, por la construcci\u00f3n de un pa\u00eds incluyente.<br \/>\nEl censo integrar\u00e1 una boleta en versi\u00f3n corta del Washington Group, que se espera genere datos actuales de la poblaci\u00f3n con discapacidad. El resultado que se obtenga permitir\u00e1 el redise\u00f1o e implementaci\u00f3n de una pol\u00edtica Nacional de discapacidad y que el tema sea transversal en las dem\u00e1s pol\u00edticas de Estado.<br \/>\nCon la finalidad de obtener los mejores resultados, el CONADI se ha incorporado a los equipos de direcci\u00f3n y coordinaci\u00f3n del censo que ha establecido el INE. Participar\u00e1 en los procesos de capacitaci\u00f3n de encuestadores e incluir\u00e1 a personas con discapacidad en la log\u00edstica que conlleva este esfuerzo de pa\u00eds.<br \/>\nEn el 2016, el CONADI y el INE, llevaron a cabo la II Encuesta Nacional de Discapacidad con el apoyo de CBM Internacional, UNICEF y la Universidad de Medicina Tropical de Londres.<br \/>\nLa encuesta se realiz\u00f3 en cinco regiones del pa\u00eds y reflej\u00f3 el dato de un 10.2% de prevalencia de discapacidad, alrededor de un mill\u00f3n seiscientas mil personas.<\/p>\n<figure id=\"attachment_5336\" aria-describedby=\"caption-attachment-5336\" style=\"width: 404px\" class=\"wp-caption aligncenter\"><a href=\"https:\/\/conadi.gob.gt\/web\/wp-content\/uploads\/2018\/05\/collage-censo.jpg\"><img loading=\"lazy\" decoding=\"async\" id=\"longdesc-return-5336\" longdesc=\"https:\/\/conadi.gob.gt\/web?longdesc=5336&#038;referrer=5335\" src=\"https:\/\/conadi.gob.gt\/web\/wp-content\/uploads\/2018\/05\/collage-censo.jpg\" alt=\"Censo 2018\" width=\"404\" height=\"404\" class=\"size-full wp-image-5336\" srcset=\"https:\/\/conadi.gob.gt\/web\/wp-content\/uploads\/2018\/05\/collage-censo.jpg 404w, https:\/\/conadi.gob.gt\/web\/wp-content\/uploads\/2018\/05\/collage-censo-150x150.jpg 150w, https:\/\/conadi.gob.gt\/web\/wp-content\/uploads\/2018\/05\/collage-censo-300x300.jpg 300w\" sizes=\"auto, (max-width: 404px) 100vw, 404px\" \/><\/a><figcaption id=\"caption-attachment-5336\" class=\"wp-caption-text\">Censo 2018<\/figcaption><\/figure>\n","protected":false},"excerpt":{"rendered":"<p>En un hotel capitalino se realiz\u00f3 la presentaci\u00f3n de la campa\u00f1a \u201cIdentif\u00edcate\u201d, que cont\u00f3 con la presencia de Fredy G\u00f3mez, subgerente del INE Guatemala, Eduardo R\u00edos, director del CensoGt, Mar\u00eda Luisa Rivas, representante de UNFPA Guatemala, Melvyn Teni, de CISP Italia, Marcos Santiago de la Academia De Lenguas Mayas De Guatemala. y la diputada Sandra &hellip; <\/p>\n<p class=\"link-more\"><a href=\"https:\/\/conadi.gob.gt\/web\/presentan-campana-inclusiva-del-censo-2018\/\" class=\"more-link\">Leer m\u00e1s<span class=\"screen-reader-text\"> \u00abPresentan Campa\u00f1a Inclusiva del Censo 2018\u00bb<\/span><\/a><\/p>\n","protected":false},"author":7,"featured_media":0,"comment_status":"open","ping_status":"closed","sticky":false,"template":"","format":"standard","meta":{"footnotes":""},"categories":[3],"tags":[],"class_list":["post-5335","post","type-post","status-publish","format-standard","hentry","category-noticias"],"_links":{"self":[{"href":"https:\/\/conadi.gob.gt\/web\/wp-json\/wp\/v2\/posts\/5335","targetHints":{"allow":["GET"]}}],"collection":[{"href":"https:\/\/conadi.gob.gt\/web\/wp-json\/wp\/v2\/posts"}],"about":[{"href":"https:\/\/conadi.gob.gt\/web\/wp-json\/wp\/v2\/types\/post"}],"author":[{"embeddable":true,"href":"https:\/\/conadi.gob.gt\/web\/wp-json\/wp\/v2\/users\/7"}],"replies":[{"embeddable":true,"href":"https:\/\/conadi.gob.gt\/web\/wp-json\/wp\/v2\/comments?post=5335"}],"version-history":[{"count":1,"href":"https:\/\/conadi.gob.gt\/web\/wp-json\/wp\/v2\/posts\/5335\/revisions"}],"predecessor-version":[{"id":5337,"href":"https:\/\/conadi.gob.gt\/web\/wp-json\/wp\/v2\/posts\/5335\/revisions\/5337"}],"wp:attachment":[{"href":"https:\/\/conadi.gob.gt\/web\/wp-json\/wp\/v2\/media?parent=5335"}],"wp:term":[{"taxonomy":"category","embeddable":true,"href":"https:\/\/conadi.gob.gt\/web\/wp-json\/wp\/v2\/categories?post=5335"},{"taxonomy":"post_tag","embeddable":true,"href":"https:\/\/conadi.gob.gt\/web\/wp-json\/wp\/v2\/tags?post=5335"}],"curies":[{"name":"wp","href":"https:\/\/api.w.org\/{rel}","templated":true}]}}