{"id":5338,"date":"2018-05-23T20:24:30","date_gmt":"2018-05-23T20:24:30","guid":{"rendered":"http:\/\/conadi.gob.gt\/web\/?p=5338"},"modified":"2018-05-23T20:24:30","modified_gmt":"2018-05-23T20:24:30","slug":"ministerios-y-secretarias-presentan-avances-en-materia-de-discapacidad","status":"publish","type":"post","link":"https:\/\/conadi.gob.gt\/web\/ministerios-y-secretarias-presentan-avances-en-materia-de-discapacidad\/","title":{"rendered":"Ministerios y Secretarias presentan avances en materia de Discapacidad"},"content":{"rendered":"<p>Dentro de las actividades programadas en el marco de los XXI a\u00f1os de labor del CONADI, se llev\u00f3 a cabo una reuni\u00f3n con Ministros y Secretarios de Estado, para dar seguimiento a la inclusi\u00f3n de acciones de discapacidad en su Planificaci\u00f3n Operativa Anual 2019. En el evento participaron los viceministros del Ministerio de Educaci\u00f3n de Guatemala (P\u00e1gina Oficial), Ministerio de Salud P\u00fablica y Asistencia Social y Ministerio de Relaciones Exteriores de Guatemala; as\u00ed como representantes del Ministerio de Agricultura, Ganader\u00eda y Alimentaci\u00f3n &#8211; MAGA, , Ministerio de Econom\u00eda Guatemala, Ministerio de Cultura y Deportes Guatemala; entre otros. El encuentro fue presidido por la diputada Sandra Cruz, de la Comisi\u00f3n de Asuntos sobre Discapacidad.<\/p>\n<figure id=\"attachment_5339\" aria-describedby=\"caption-attachment-5339\" style=\"width: 404px\" class=\"wp-caption aligncenter\"><a href=\"https:\/\/conadi.gob.gt\/web\/wp-content\/uploads\/2018\/05\/collage-informe-2018.jpg\"><img loading=\"lazy\" decoding=\"async\" id=\"longdesc-return-5339\" longdesc=\"https:\/\/conadi.gob.gt\/web?longdesc=5339&#038;referrer=5338\" src=\"https:\/\/conadi.gob.gt\/web\/wp-content\/uploads\/2018\/05\/collage-informe-2018.jpg\" alt=\"Avances en materia de discapacidad\" width=\"404\" height=\"404\" class=\"size-full wp-image-5339\" srcset=\"https:\/\/conadi.gob.gt\/web\/wp-content\/uploads\/2018\/05\/collage-informe-2018.jpg 404w, https:\/\/conadi.gob.gt\/web\/wp-content\/uploads\/2018\/05\/collage-informe-2018-150x150.jpg 150w, https:\/\/conadi.gob.gt\/web\/wp-content\/uploads\/2018\/05\/collage-informe-2018-300x300.jpg 300w\" sizes=\"auto, (max-width: 404px) 100vw, 404px\" \/><\/a><figcaption id=\"caption-attachment-5339\" class=\"wp-caption-text\">Ministerios y secretarias presentan avances en materia de discapacidad<\/figcaption><\/figure>\n","protected":false},"excerpt":{"rendered":"<p>Dentro de las actividades programadas en el marco de los XXI a\u00f1os de labor del CONADI, se llev\u00f3 a cabo una reuni\u00f3n con Ministros y Secretarios de Estado, para dar seguimiento a la inclusi\u00f3n de acciones de discapacidad en su Planificaci\u00f3n Operativa Anual 2019. En el evento participaron los viceministros del Ministerio de Educaci\u00f3n de &hellip; <\/p>\n<p class=\"link-more\"><a href=\"https:\/\/conadi.gob.gt\/web\/ministerios-y-secretarias-presentan-avances-en-materia-de-discapacidad\/\" class=\"more-link\">Leer m\u00e1s<span class=\"screen-reader-text\"> \u00abMinisterios y Secretarias presentan avances en materia de Discapacidad\u00bb<\/span><\/a><\/p>\n","protected":false},"author":7,"featured_media":0,"comment_status":"open","ping_status":"closed","sticky":false,"template":"","format":"standard","meta":{"footnotes":""},"categories":[3],"tags":[],"class_list":["post-5338","post","type-post","status-publish","format-standard","hentry","category-noticias"],"_links":{"self":[{"href":"https:\/\/conadi.gob.gt\/web\/wp-json\/wp\/v2\/posts\/5338","targetHints":{"allow":["GET"]}}],"collection":[{"href":"https:\/\/conadi.gob.gt\/web\/wp-json\/wp\/v2\/posts"}],"about":[{"href":"https:\/\/conadi.gob.gt\/web\/wp-json\/wp\/v2\/types\/post"}],"author":[{"embeddable":true,"href":"https:\/\/conadi.gob.gt\/web\/wp-json\/wp\/v2\/users\/7"}],"replies":[{"embeddable":true,"href":"https:\/\/conadi.gob.gt\/web\/wp-json\/wp\/v2\/comments?post=5338"}],"version-history":[{"count":1,"href":"https:\/\/conadi.gob.gt\/web\/wp-json\/wp\/v2\/posts\/5338\/revisions"}],"predecessor-version":[{"id":5340,"href":"https:\/\/conadi.gob.gt\/web\/wp-json\/wp\/v2\/posts\/5338\/revisions\/5340"}],"wp:attachment":[{"href":"https:\/\/conadi.gob.gt\/web\/wp-json\/wp\/v2\/media?parent=5338"}],"wp:term":[{"taxonomy":"category","embeddable":true,"href":"https:\/\/conadi.gob.gt\/web\/wp-json\/wp\/v2\/categories?post=5338"},{"taxonomy":"post_tag","embeddable":true,"href":"https:\/\/conadi.gob.gt\/web\/wp-json\/wp\/v2\/tags?post=5338"}],"curies":[{"name":"wp","href":"https:\/\/api.w.org\/{rel}","templated":true}]}}