{"id":5341,"date":"2018-05-23T20:31:00","date_gmt":"2018-05-23T20:31:00","guid":{"rendered":"http:\/\/conadi.gob.gt\/web\/?p=5341"},"modified":"2018-05-23T20:31:00","modified_gmt":"2018-05-23T20:31:00","slug":"lideres-de-pueblos-indigenas-presentan-demandas-a-relatora-de-la-onu","status":"publish","type":"post","link":"https:\/\/conadi.gob.gt\/web\/lideres-de-pueblos-indigenas-presentan-demandas-a-relatora-de-la-onu\/","title":{"rendered":"L\u00edderes de Pueblos Ind\u00edgenas presentan demandas a Relatora de la ONU"},"content":{"rendered":"<p>La comisi\u00f3n de seguimiento de L\u00edderes de Pueblos Ind\u00edgenas con Discapacidad del CONADI, hizo p\u00fablico el petitorio de demandas entregado a la relatora independiente de Naciones Unidas para la defensa de los derechos de Pueblos Ind\u00edgenas, Victoria Tauli-Corpuz.<br \/>\nLas demandas giran en torno a 4 aspectos:<br \/>\n1) Al Estado: respeto a la garant\u00eda de los derechos de las personas con discapacidad de pueblos ind\u00edgenas, referente a servicio dignos de salud, inclusi\u00f3n educativa, trabajo digno, acceso a seguridad y justicia, participaci\u00f3n de las personas con discapacidad en procesos de consulta, entre otros temas.<br \/>\n2) Demanda a los gobiernos locales: para crear y dirigir pol\u00edticas, programas y servicios inclusivos para personas con discapacidad.<br \/>\n3) Demanda a las autoridades ind\u00edgenas ancestrales: sobre la inclusi\u00f3n en sus comunidades de las personas con discapacidad.<br \/>\n4) A la relatora de los derechos de Pueblos Ind\u00edgenas: hacer incidencia en Naciones Unidas para la inclusi\u00f3n en el mandato que se le ha otorgado, el abordaje de los derechos de las personas con discapacidad de pueblos ind\u00edgenas.<br \/>\nLa Comisi\u00f3n en seguimiento de Pueblos Ind\u00edgenas con Discapacidad se estableci\u00f3 como una de las acciones derivadas del I Encuentro de Pueblos Ind\u00edgenas con Discapacidad, realizado por el CONADI con el apoyo del Fondo de Desarrollo Ind\u00edgena Guatemalteco -FODIGUA- y los cooperantes CBM International y CISP Sviluppo dei Popoli, (El Comit\u00e9 Internacional para el Desarrollo de los Pueblos), llevado a cabo el 8 de agosto de 2017 en la ciudad de Guatemala.<br \/>\nLa Comisi\u00f3n referida busca la visibilidad del colectivo, el respeto y cumplimiento de sus derechos.<br \/>\nUno de los principales hallazgos de la Encuesta Nacional en Discapacidad -ENDIS- 2016, es que el mayor porcentaje de personas con alguna deficiencia se ubica en el \u00e1rea rural del pa\u00eds (Quich\u00e9, Totonicap\u00e1n, San Marcos, Huehuetenango, Alta y Baja Verapaz), precisamente donde se concentra mayoritariamente la poblaci\u00f3n ind\u00edgena.<br \/>\nAsimismo, las recomendaci\u00f3n 66, p\u00e1rrafo a), emitida por el Comit\u00e9 de Expertos de las Naciones Unidas en materia de discapacidad otorgadas al Estado de Guatemala, exhortan a redoblar esfuerzos para incluir la dimensi\u00f3n de la discapacidad en los programas y pol\u00edticas sobre Pueblos Ind\u00edgenas con enfoque comunitario y rural, asegurando que sus necesidades y opiniones se consideren debidamente.<\/p>\n<figure id=\"attachment_5342\" aria-describedby=\"caption-attachment-5342\" style=\"width: 960px\" class=\"wp-caption aligncenter\"><a href=\"https:\/\/conadi.gob.gt\/web\/wp-content\/uploads\/2018\/05\/Pueblos-indigenas.jpg\"><img loading=\"lazy\" decoding=\"async\" id=\"longdesc-return-5342\" longdesc=\"https:\/\/conadi.gob.gt\/web?longdesc=5342&#038;referrer=5341\" src=\"https:\/\/conadi.gob.gt\/web\/wp-content\/uploads\/2018\/05\/Pueblos-indigenas.jpg\" alt=\"Pueblos Ind\u00edgenas presentan demandas\" width=\"960\" height=\"640\" class=\"size-full wp-image-5342\" srcset=\"https:\/\/conadi.gob.gt\/web\/wp-content\/uploads\/2018\/05\/Pueblos-indigenas.jpg 960w, https:\/\/conadi.gob.gt\/web\/wp-content\/uploads\/2018\/05\/Pueblos-indigenas-300x200.jpg 300w, https:\/\/conadi.gob.gt\/web\/wp-content\/uploads\/2018\/05\/Pueblos-indigenas-90x60.jpg 90w, https:\/\/conadi.gob.gt\/web\/wp-content\/uploads\/2018\/05\/Pueblos-indigenas-180x120.jpg 180w, https:\/\/conadi.gob.gt\/web\/wp-content\/uploads\/2018\/05\/Pueblos-indigenas-95x64.jpg 95w\" sizes=\"auto, (max-width: 960px) 100vw, 960px\" \/><\/a><figcaption id=\"caption-attachment-5342\" class=\"wp-caption-text\">L\u00edderes de Pueblos Ind\u00edgenas<\/figcaption><\/figure>\n","protected":false},"excerpt":{"rendered":"<p>La comisi\u00f3n de seguimiento de L\u00edderes de Pueblos Ind\u00edgenas con Discapacidad del CONADI, hizo p\u00fablico el petitorio de demandas entregado a la relatora independiente de Naciones Unidas para la defensa de los derechos de Pueblos Ind\u00edgenas, Victoria Tauli-Corpuz. Las demandas giran en torno a 4 aspectos: 1) Al Estado: respeto a la garant\u00eda de los &hellip; <\/p>\n<p class=\"link-more\"><a href=\"https:\/\/conadi.gob.gt\/web\/lideres-de-pueblos-indigenas-presentan-demandas-a-relatora-de-la-onu\/\" class=\"more-link\">Leer m\u00e1s<span class=\"screen-reader-text\"> \u00abL\u00edderes de Pueblos Ind\u00edgenas presentan demandas a Relatora de la ONU\u00bb<\/span><\/a><\/p>\n","protected":false},"author":7,"featured_media":0,"comment_status":"open","ping_status":"closed","sticky":false,"template":"","format":"standard","meta":{"footnotes":""},"categories":[3],"tags":[],"class_list":["post-5341","post","type-post","status-publish","format-standard","hentry","category-noticias"],"_links":{"self":[{"href":"https:\/\/conadi.gob.gt\/web\/wp-json\/wp\/v2\/posts\/5341","targetHints":{"allow":["GET"]}}],"collection":[{"href":"https:\/\/conadi.gob.gt\/web\/wp-json\/wp\/v2\/posts"}],"about":[{"href":"https:\/\/conadi.gob.gt\/web\/wp-json\/wp\/v2\/types\/post"}],"author":[{"embeddable":true,"href":"https:\/\/conadi.gob.gt\/web\/wp-json\/wp\/v2\/users\/7"}],"replies":[{"embeddable":true,"href":"https:\/\/conadi.gob.gt\/web\/wp-json\/wp\/v2\/comments?post=5341"}],"version-history":[{"count":1,"href":"https:\/\/conadi.gob.gt\/web\/wp-json\/wp\/v2\/posts\/5341\/revisions"}],"predecessor-version":[{"id":5343,"href":"https:\/\/conadi.gob.gt\/web\/wp-json\/wp\/v2\/posts\/5341\/revisions\/5343"}],"wp:attachment":[{"href":"https:\/\/conadi.gob.gt\/web\/wp-json\/wp\/v2\/media?parent=5341"}],"wp:term":[{"taxonomy":"category","embeddable":true,"href":"https:\/\/conadi.gob.gt\/web\/wp-json\/wp\/v2\/categories?post=5341"},{"taxonomy":"post_tag","embeddable":true,"href":"https:\/\/conadi.gob.gt\/web\/wp-json\/wp\/v2\/tags?post=5341"}],"curies":[{"name":"wp","href":"https:\/\/api.w.org\/{rel}","templated":true}]}}