{"id":5352,"date":"2018-05-29T12:26:14","date_gmt":"2018-05-29T12:26:14","guid":{"rendered":"http:\/\/conadi.gob.gt\/web\/?p=5352"},"modified":"2018-05-29T12:26:14","modified_gmt":"2018-05-29T12:26:14","slug":"papel-de-los-medios-de-comunicacion-en-la-promocion-de-los-derechos-de-las-personas-con-discapacidad","status":"publish","type":"post","link":"https:\/\/conadi.gob.gt\/web\/papel-de-los-medios-de-comunicacion-en-la-promocion-de-los-derechos-de-las-personas-con-discapacidad\/","title":{"rendered":"Papel de los medios de comunicaci\u00f3n en la promoci\u00f3n de los derechos de las personas con discapacidad"},"content":{"rendered":"<p>En el marco del XXI aniversario del CONADI, se llev\u00f3 a cabo un encuentro con comunicadores sociales, que a trav\u00e9s de los medios de comunicaci\u00f3n generan el cambio, quienes cumplen la funci\u00f3n de voceros del pueblo ante las autoridades de gobierno; profesionales de la comunicaci\u00f3n, que abordaron el papel de los medios en la promoci\u00f3n y difusi\u00f3n de los derechos de las personas con discapacidad.<br \/>\nSe cont\u00f3 con la participaci\u00f3n de Walter Cuc, director de la Federaci\u00f3n Guatemalteca de Escuelas Radiof\u00f3nicas FGER, que analiz\u00f3 el papel de la radio en la educaci\u00f3n comunitaria hacia la discapacidad. As\u00ed como Elsie Sierra, directora de T13 Noticias Guatemala, un telenoticiero que difunde historias humanas, donde se incluyen casos de personas con discapacidad. Las c\u00e1maras de comunicaci\u00f3n estuvieron representadas por el licenciado Edwin Merida, de Cronistas deportivos y APG, que expuso sobre la contribuci\u00f3n de la prensa organizada en la inclusi\u00f3n de la poblaci\u00f3n con discapacidad<br \/>\nAsimismo, particip\u00f3 Fernando L\u00f3pez, director de RADIO FARO CULTURAL 104.5, emisora de larga trayectoria en su apoyo a la poblaci\u00f3n con discapacidad. En tanto, Rosa Aldana, comunicadora y catedr\u00e1tica universitaria, abord\u00f3 el cambio de paradigmas hacia la discapacidad a trav\u00e9s de la opini\u00f3n p\u00fablica. La labor de los comunicadores, ha sido importante para el cambio de actitud que la sociedad ha venido mostrando hacia ese sector de la poblaci\u00f3n.<br \/>\nSe cont\u00f3 con la participaci\u00f3n de alrededor unidades de comunicaci\u00f3n de entidades de gobierno, organizaciones de personas con discapacidad con manejo de medios. Actividad que fue transmitida en directo por la Federaci\u00f3n Educativa de Escuelas Radiof\u00f3nicas y el Canal 5 Maya TV. <\/p>\n<figure id=\"attachment_5353\" aria-describedby=\"caption-attachment-5353\" style=\"width: 404px\" class=\"wp-caption aligncenter\"><a href=\"https:\/\/conadi.gob.gt\/web\/wp-content\/uploads\/2018\/05\/collage-foro-comunicacion.jpg\"><img loading=\"lazy\" decoding=\"async\" id=\"longdesc-return-5353\" longdesc=\"https:\/\/conadi.gob.gt\/web?longdesc=5353&#038;referrer=5352\" src=\"https:\/\/conadi.gob.gt\/web\/wp-content\/uploads\/2018\/05\/collage-foro-comunicacion.jpg\" alt=\"FORO Comunicaci\u00f3n y discapacidad\" width=\"404\" height=\"404\" class=\"size-full wp-image-5353\" srcset=\"https:\/\/conadi.gob.gt\/web\/wp-content\/uploads\/2018\/05\/collage-foro-comunicacion.jpg 404w, https:\/\/conadi.gob.gt\/web\/wp-content\/uploads\/2018\/05\/collage-foro-comunicacion-150x150.jpg 150w, https:\/\/conadi.gob.gt\/web\/wp-content\/uploads\/2018\/05\/collage-foro-comunicacion-300x300.jpg 300w\" sizes=\"auto, (max-width: 404px) 100vw, 404px\" \/><\/a><figcaption id=\"caption-attachment-5353\" class=\"wp-caption-text\">Foro El papel de los medios de comunicaci\u00f3n en la promoci\u00f3n de los derechos de las personas con discapacidad<\/figcaption><\/figure>\n","protected":false},"excerpt":{"rendered":"<p>En el marco del XXI aniversario del CONADI, se llev\u00f3 a cabo un encuentro con comunicadores sociales, que a trav\u00e9s de los medios de comunicaci\u00f3n generan el cambio, quienes cumplen la funci\u00f3n de voceros del pueblo ante las autoridades de gobierno; profesionales de la comunicaci\u00f3n, que abordaron el papel de los medios en la promoci\u00f3n &hellip; <\/p>\n<p class=\"link-more\"><a href=\"https:\/\/conadi.gob.gt\/web\/papel-de-los-medios-de-comunicacion-en-la-promocion-de-los-derechos-de-las-personas-con-discapacidad\/\" class=\"more-link\">Leer m\u00e1s<span class=\"screen-reader-text\"> \u00abPapel de los medios de comunicaci\u00f3n en la promoci\u00f3n de los derechos de las personas con discapacidad\u00bb<\/span><\/a><\/p>\n","protected":false},"author":7,"featured_media":0,"comment_status":"open","ping_status":"closed","sticky":false,"template":"","format":"standard","meta":{"footnotes":""},"categories":[3],"tags":[],"class_list":["post-5352","post","type-post","status-publish","format-standard","hentry","category-noticias"],"_links":{"self":[{"href":"https:\/\/conadi.gob.gt\/web\/wp-json\/wp\/v2\/posts\/5352","targetHints":{"allow":["GET"]}}],"collection":[{"href":"https:\/\/conadi.gob.gt\/web\/wp-json\/wp\/v2\/posts"}],"about":[{"href":"https:\/\/conadi.gob.gt\/web\/wp-json\/wp\/v2\/types\/post"}],"author":[{"embeddable":true,"href":"https:\/\/conadi.gob.gt\/web\/wp-json\/wp\/v2\/users\/7"}],"replies":[{"embeddable":true,"href":"https:\/\/conadi.gob.gt\/web\/wp-json\/wp\/v2\/comments?post=5352"}],"version-history":[{"count":1,"href":"https:\/\/conadi.gob.gt\/web\/wp-json\/wp\/v2\/posts\/5352\/revisions"}],"predecessor-version":[{"id":5354,"href":"https:\/\/conadi.gob.gt\/web\/wp-json\/wp\/v2\/posts\/5352\/revisions\/5354"}],"wp:attachment":[{"href":"https:\/\/conadi.gob.gt\/web\/wp-json\/wp\/v2\/media?parent=5352"}],"wp:term":[{"taxonomy":"category","embeddable":true,"href":"https:\/\/conadi.gob.gt\/web\/wp-json\/wp\/v2\/categories?post=5352"},{"taxonomy":"post_tag","embeddable":true,"href":"https:\/\/conadi.gob.gt\/web\/wp-json\/wp\/v2\/tags?post=5352"}],"curies":[{"name":"wp","href":"https:\/\/api.w.org\/{rel}","templated":true}]}}