{"id":5355,"date":"2018-05-30T17:34:15","date_gmt":"2018-05-30T17:34:15","guid":{"rendered":"http:\/\/conadi.gob.gt\/web\/?p=5355"},"modified":"2018-05-30T17:34:15","modified_gmt":"2018-05-30T17:34:15","slug":"estudiantes-con-discapacidad-se-benefician-con-bolsa-de-estudios","status":"publish","type":"post","link":"https:\/\/conadi.gob.gt\/web\/estudiantes-con-discapacidad-se-benefician-con-bolsa-de-estudios\/","title":{"rendered":"Estudiantes con discapacidad se benefician con Bolsa de Estudios"},"content":{"rendered":"<p>La firma de convenio y adendum de la bolsa de estudios entre estudiantes con discapacidad y el CONADI, se llev\u00f3 a cabo el 29 de mayo de 2018. Referido programa, brinda apoyo econ\u00f3mico a 80 estudiantes con discapacidad a nivel nacional, desde el nivel pre-primario hasta post grado universitario. El presidente del CONADI, Jorge Yat, en su discurso argument\u00f3, que esta es una oportunidad para los estudiantes con discapacidad de ser parte activa de la sociedad, porque mediante la formaci\u00f3n acad\u00e9mica, lograr\u00e1n un mejor bienestar y desarrollo. Este programa fue implementado en el CONADI desde el 2006.<\/p>\n<figure id=\"attachment_5356\" aria-describedby=\"caption-attachment-5356\" style=\"width: 404px\" class=\"wp-caption aligncenter\"><a href=\"https:\/\/conadi.gob.gt\/web\/wp-content\/uploads\/2018\/05\/collage-convenio-bolsa-estudios.jpg\"><img loading=\"lazy\" decoding=\"async\" id=\"longdesc-return-5356\" longdesc=\"https:\/\/conadi.gob.gt\/web?longdesc=5356&#038;referrer=5355\" src=\"https:\/\/conadi.gob.gt\/web\/wp-content\/uploads\/2018\/05\/collage-convenio-bolsa-estudios.jpg\" alt=\"Firma de convenio bolsa de estudios\" width=\"404\" height=\"404\" class=\"size-full wp-image-5356\" srcset=\"https:\/\/conadi.gob.gt\/web\/wp-content\/uploads\/2018\/05\/collage-convenio-bolsa-estudios.jpg 404w, https:\/\/conadi.gob.gt\/web\/wp-content\/uploads\/2018\/05\/collage-convenio-bolsa-estudios-150x150.jpg 150w, https:\/\/conadi.gob.gt\/web\/wp-content\/uploads\/2018\/05\/collage-convenio-bolsa-estudios-300x300.jpg 300w\" sizes=\"auto, (max-width: 404px) 100vw, 404px\" \/><\/a><figcaption id=\"caption-attachment-5356\" class=\"wp-caption-text\">Entrega bolsa de estudios<\/figcaption><\/figure>\n","protected":false},"excerpt":{"rendered":"<p>La firma de convenio y adendum de la bolsa de estudios entre estudiantes con discapacidad y el CONADI, se llev\u00f3 a cabo el 29 de mayo de 2018. Referido programa, brinda apoyo econ\u00f3mico a 80 estudiantes con discapacidad a nivel nacional, desde el nivel pre-primario hasta post grado universitario. El presidente del CONADI, Jorge Yat, &hellip; <\/p>\n<p class=\"link-more\"><a href=\"https:\/\/conadi.gob.gt\/web\/estudiantes-con-discapacidad-se-benefician-con-bolsa-de-estudios\/\" class=\"more-link\">Leer m\u00e1s<span class=\"screen-reader-text\"> \u00abEstudiantes con discapacidad se benefician con Bolsa de Estudios\u00bb<\/span><\/a><\/p>\n","protected":false},"author":7,"featured_media":0,"comment_status":"open","ping_status":"closed","sticky":false,"template":"","format":"standard","meta":{"footnotes":""},"categories":[3],"tags":[],"class_list":["post-5355","post","type-post","status-publish","format-standard","hentry","category-noticias"],"_links":{"self":[{"href":"https:\/\/conadi.gob.gt\/web\/wp-json\/wp\/v2\/posts\/5355","targetHints":{"allow":["GET"]}}],"collection":[{"href":"https:\/\/conadi.gob.gt\/web\/wp-json\/wp\/v2\/posts"}],"about":[{"href":"https:\/\/conadi.gob.gt\/web\/wp-json\/wp\/v2\/types\/post"}],"author":[{"embeddable":true,"href":"https:\/\/conadi.gob.gt\/web\/wp-json\/wp\/v2\/users\/7"}],"replies":[{"embeddable":true,"href":"https:\/\/conadi.gob.gt\/web\/wp-json\/wp\/v2\/comments?post=5355"}],"version-history":[{"count":1,"href":"https:\/\/conadi.gob.gt\/web\/wp-json\/wp\/v2\/posts\/5355\/revisions"}],"predecessor-version":[{"id":5357,"href":"https:\/\/conadi.gob.gt\/web\/wp-json\/wp\/v2\/posts\/5355\/revisions\/5357"}],"wp:attachment":[{"href":"https:\/\/conadi.gob.gt\/web\/wp-json\/wp\/v2\/media?parent=5355"}],"wp:term":[{"taxonomy":"category","embeddable":true,"href":"https:\/\/conadi.gob.gt\/web\/wp-json\/wp\/v2\/categories?post=5355"},{"taxonomy":"post_tag","embeddable":true,"href":"https:\/\/conadi.gob.gt\/web\/wp-json\/wp\/v2\/tags?post=5355"}],"curies":[{"name":"wp","href":"https:\/\/api.w.org\/{rel}","templated":true}]}}