{"id":5358,"date":"2018-05-30T17:50:43","date_gmt":"2018-05-30T17:50:43","guid":{"rendered":"http:\/\/conadi.gob.gt\/web\/?p=5358"},"modified":"2018-06-20T19:07:00","modified_gmt":"2018-06-20T19:07:00","slug":"el-conadi-y-sus-21-anos-de-labor-institucional-en-pro-de-los-derechos-de-la-poblacion-con-discapacidad","status":"publish","type":"post","link":"https:\/\/conadi.gob.gt\/web\/el-conadi-y-sus-21-anos-de-labor-institucional-en-pro-de-los-derechos-de-la-poblacion-con-discapacidad\/","title":{"rendered":"El CONADI y sus 21 a\u00f1os de labor en Pro de los Derechos de la Poblaci\u00f3n con Discapacidad"},"content":{"rendered":"<p>Dentro de las actividades programadas en el marco de los XXI a\u00f1os de labor del CONADI, los distintos ejes que conforman la instituci\u00f3n realizaron diversas actividades para visibilizar m\u00e1s de dos d\u00e9cadas de trabajo para procurar la participaci\u00f3n de las personas con discapacidad en igualdad de condiciones con los dem\u00e1s.<br \/>\nEl eje de Incidencia Pol\u00edtica llev\u00f3 a cabo una reuni\u00f3n con Ministros y Secretarios de Estado, para dar seguimiento a la inclusi\u00f3n de acciones de discapacidad en su Planificaci\u00f3n Operativa Anual 2019. El encuentro fue presidido por la diputada Sandra Cruz, de la Comisi\u00f3n de Asuntos sobre Discapacidad.<br \/>\nCon el objetivo de conocer cuan posicionada est\u00e1 la tem\u00e1tica de discapacidad en la agenda de los medios de comunicaci\u00f3n y su abordaje sobre la perspectiva de los derechos humanos, el eje de Comunicaci\u00f3n y Relaciones P\u00fablicas realiz\u00f3 un encuentro con aquellos, que a trav\u00e9s de los medios de comunicaci\u00f3n, cumplen la funci\u00f3n de voceros del pueblo ante las autoridades de gobierno; profesionales de la comunicaci\u00f3n, que abordaron el papel de los medios en la promoci\u00f3n y difusi\u00f3n de los derechos de las personas con discapacidad.<br \/>\nPor su parte, el eje de Justicia y Seguridad Ciudadana efectu\u00f3 el conversatorio \u00abArmonizaci\u00f3n legislativa a favor de las personas con discapacidad\u00bb, que cont\u00f3 con la participaci\u00f3n de los disertantes Juan Carlos G\u00f3mez, Renzo Rosal y Lester Beltranena.<br \/>\nEn tanto, el eje de Participaci\u00f3n Ciudadana realiz\u00f3 un foro para promover la participaci\u00f3n pol\u00edtica de las personas con discapacidad. Se cont\u00f3 con la colaboraci\u00f3n de Roberto Alejos, Jorge Ra\u00fal Cruz y Carlos Cerezo, personajes del \u00e1mbito pol\u00edtico nacional.<br \/>\nLas actividades de mayo finalizaron con la celebraci\u00f3n por los 21 a\u00f1os del Consejo, para lo cual se comparti\u00f3 un pastel con los miembros de organizaciones, autoridades y personal del CONADI, quienes han sido un eslab\u00f3n en la cadena que busca la eliminaci\u00f3n de todo tipo de barreras y el ejercicio pleno de los derechos humanos de las personas con discapacidad.<\/p>\n<figure id=\"attachment_5386\" aria-describedby=\"caption-attachment-5386\" style=\"width: 801px\" class=\"wp-caption aligncenter\"><a href=\"https:\/\/conadi.gob.gt\/web\/wp-content\/uploads\/2018\/05\/Collage-21-a\u00f1os.jpg\"><img loading=\"lazy\" decoding=\"async\" id=\"longdesc-return-5386\" longdesc=\"https:\/\/conadi.gob.gt\/web?longdesc=5386&#038;referrer=5358\" src=\"https:\/\/conadi.gob.gt\/web\/wp-content\/uploads\/2018\/05\/Collage-21-a\u00f1os.jpg\" alt=\"21 a\u00f1os en pro de la poblaci\u00f3n con discapacidad\" width=\"801\" height=\"801\" class=\"size-full wp-image-5386\" srcset=\"https:\/\/conadi.gob.gt\/web\/wp-content\/uploads\/2018\/05\/Collage-21-a\u00f1os.jpg 801w, https:\/\/conadi.gob.gt\/web\/wp-content\/uploads\/2018\/05\/Collage-21-a\u00f1os-150x150.jpg 150w, https:\/\/conadi.gob.gt\/web\/wp-content\/uploads\/2018\/05\/Collage-21-a\u00f1os-300x300.jpg 300w, https:\/\/conadi.gob.gt\/web\/wp-content\/uploads\/2018\/05\/Collage-21-a\u00f1os-768x768.jpg 768w\" sizes=\"auto, (max-width: 801px) 100vw, 801px\" \/><\/a><figcaption id=\"caption-attachment-5386\" class=\"wp-caption-text\">CONADI celebra 21 a\u00f1os de labor institucional<\/figcaption><\/figure>\n","protected":false},"excerpt":{"rendered":"<p>Dentro de las actividades programadas en el marco de los XXI a\u00f1os de labor del CONADI, los distintos ejes que conforman la instituci\u00f3n realizaron diversas actividades para visibilizar m\u00e1s de dos d\u00e9cadas de trabajo para procurar la participaci\u00f3n de las personas con discapacidad en igualdad de condiciones con los dem\u00e1s. El eje de Incidencia Pol\u00edtica &hellip; <\/p>\n<p class=\"link-more\"><a href=\"https:\/\/conadi.gob.gt\/web\/el-conadi-y-sus-21-anos-de-labor-institucional-en-pro-de-los-derechos-de-la-poblacion-con-discapacidad\/\" class=\"more-link\">Leer m\u00e1s<span class=\"screen-reader-text\"> \u00abEl CONADI y sus 21 a\u00f1os de labor en Pro de los Derechos de la Poblaci\u00f3n con Discapacidad\u00bb<\/span><\/a><\/p>\n","protected":false},"author":7,"featured_media":0,"comment_status":"open","ping_status":"closed","sticky":false,"template":"","format":"standard","meta":{"footnotes":""},"categories":[3],"tags":[],"class_list":["post-5358","post","type-post","status-publish","format-standard","hentry","category-noticias"],"_links":{"self":[{"href":"https:\/\/conadi.gob.gt\/web\/wp-json\/wp\/v2\/posts\/5358","targetHints":{"allow":["GET"]}}],"collection":[{"href":"https:\/\/conadi.gob.gt\/web\/wp-json\/wp\/v2\/posts"}],"about":[{"href":"https:\/\/conadi.gob.gt\/web\/wp-json\/wp\/v2\/types\/post"}],"author":[{"embeddable":true,"href":"https:\/\/conadi.gob.gt\/web\/wp-json\/wp\/v2\/users\/7"}],"replies":[{"embeddable":true,"href":"https:\/\/conadi.gob.gt\/web\/wp-json\/wp\/v2\/comments?post=5358"}],"version-history":[{"count":4,"href":"https:\/\/conadi.gob.gt\/web\/wp-json\/wp\/v2\/posts\/5358\/revisions"}],"predecessor-version":[{"id":5387,"href":"https:\/\/conadi.gob.gt\/web\/wp-json\/wp\/v2\/posts\/5358\/revisions\/5387"}],"wp:attachment":[{"href":"https:\/\/conadi.gob.gt\/web\/wp-json\/wp\/v2\/media?parent=5358"}],"wp:term":[{"taxonomy":"category","embeddable":true,"href":"https:\/\/conadi.gob.gt\/web\/wp-json\/wp\/v2\/categories?post=5358"},{"taxonomy":"post_tag","embeddable":true,"href":"https:\/\/conadi.gob.gt\/web\/wp-json\/wp\/v2\/tags?post=5358"}],"curies":[{"name":"wp","href":"https:\/\/api.w.org\/{rel}","templated":true}]}}