{"id":5383,"date":"2018-06-20T18:54:14","date_gmt":"2018-06-20T18:54:14","guid":{"rendered":"http:\/\/conadi.gob.gt\/web\/?p=5383"},"modified":"2018-06-20T19:00:24","modified_gmt":"2018-06-20T19:00:24","slug":"guatemala-presenta-informe-sobre-discapacidad-en-naciones-unidas","status":"publish","type":"post","link":"https:\/\/conadi.gob.gt\/web\/guatemala-presenta-informe-sobre-discapacidad-en-naciones-unidas\/","title":{"rendered":"Guatemala presenta informe sobre Discapacidad en Naciones Unidas"},"content":{"rendered":"<p>Representantes de la Junta Directiva del CONADI participan en la 11a. Conferencia de los Estados Parte de la ONU. Entre los avances del cumplimiento de la Convenci\u00f3n Sobre los Derechos de las Personas con Discapacidad, se informa respecto a la recolecci\u00f3n de datos de la poblaci\u00f3n con discapacidad, sobre las coordinaciones que se hacen para el pr\u00f3ximo censo de poblaci\u00f3n. Donde el CONADI como entidad rectora del tema de discapacidad en el pa\u00eds, ha logrado incluir en la boleta censal un apartado que refiere la versi\u00f3n corta del Washinton Group, utilizada en la encuesta de discapacidad en el 2016.<br \/>\nAsimismo, se informa sobre las coordinaciones con ASB Alemania y la CONRED, en cuanto a la gesti\u00f3n de riesgos con enfoque de discapacidad, tema prioritario por la situaci\u00f3n actual que vive el pa\u00eds. As\u00ed tambi\u00e9n el desarrollo de proyectos dirigidos a las comunidades originarias, para dar visibilidad a las personas ind\u00edgenas con discapacidad. Asunto que se motiv\u00f3 su inclusi\u00f3n en el informe de la relatora de los pueblos ind\u00edgenas de la ONU en su visita al pa\u00eds.<br \/>\nTambi\u00e9n se hace referencia a la forma de c\u00f3mo se ha abordado el tema de los ni\u00f1os, ni\u00f1as y adolescentes con discapacidad en situaci\u00f3n de abrigo. Asunto sobre el cual se tienen medidas cautelares por la forma de c\u00f3mo se ha abordado el tema en el pa\u00eds. Aun cuando se ha logrado reubicar a las personas que se encontraban en el Hogar Seguro, todav\u00eda existen grandes pendientes. Porque se sigue mezclando a la poblaci\u00f3n con discapacidad con personas en conflicto con la ley.<br \/>\nDe los asuntos con el Congreso de la Rep\u00fablica, se informa sobre los avances del Tratado de Marrakech, pendiente de la reforma a la ley de derechos de autor. La promoci\u00f3n de una ley para certificar la condici\u00f3n de discapacidad, tema que se encuentra encaminado en el parlamento. Asimismo, se refiere la aprobaci\u00f3n de la ley que declara el D\u00eda Nacional del Autismo, que busca la visibilidad de los derechos de este colectivo.<\/p>\n<figure id=\"attachment_5384\" aria-describedby=\"caption-attachment-5384\" style=\"width: 720px\" class=\"wp-caption aligncenter\"><a href=\"https:\/\/conadi.gob.gt\/web\/wp-content\/uploads\/2018\/06\/Jorge-ONU.jpg\"><img loading=\"lazy\" decoding=\"async\" id=\"longdesc-return-5384\" longdesc=\"https:\/\/conadi.gob.gt\/web?longdesc=5384&#038;referrer=5383\" src=\"https:\/\/conadi.gob.gt\/web\/wp-content\/uploads\/2018\/06\/Jorge-ONU.jpg\" alt=\"Guatemala presenta avances en discapacidad\" width=\"720\" height=\"960\" class=\"size-full wp-image-5384\" srcset=\"https:\/\/conadi.gob.gt\/web\/wp-content\/uploads\/2018\/06\/Jorge-ONU.jpg 720w, https:\/\/conadi.gob.gt\/web\/wp-content\/uploads\/2018\/06\/Jorge-ONU-225x300.jpg 225w\" sizes=\"auto, (max-width: 720px) 100vw, 720px\" \/><\/a><figcaption id=\"caption-attachment-5384\" class=\"wp-caption-text\">Avances sobre la CDPD<\/figcaption><\/figure>\n","protected":false},"excerpt":{"rendered":"<p>Representantes de la Junta Directiva del CONADI participan en la 11a. Conferencia de los Estados Parte de la ONU. Entre los avances del cumplimiento de la Convenci\u00f3n Sobre los Derechos de las Personas con Discapacidad, se informa respecto a la recolecci\u00f3n de datos de la poblaci\u00f3n con discapacidad, sobre las coordinaciones que se hacen para &hellip; <\/p>\n<p class=\"link-more\"><a href=\"https:\/\/conadi.gob.gt\/web\/guatemala-presenta-informe-sobre-discapacidad-en-naciones-unidas\/\" class=\"more-link\">Leer m\u00e1s<span class=\"screen-reader-text\"> \u00abGuatemala presenta informe sobre Discapacidad en Naciones Unidas\u00bb<\/span><\/a><\/p>\n","protected":false},"author":7,"featured_media":0,"comment_status":"open","ping_status":"closed","sticky":false,"template":"","format":"standard","meta":{"footnotes":""},"categories":[3,1],"tags":[],"class_list":["post-5383","post","type-post","status-publish","format-standard","hentry","category-noticias","category-sin-categoria"],"_links":{"self":[{"href":"https:\/\/conadi.gob.gt\/web\/wp-json\/wp\/v2\/posts\/5383","targetHints":{"allow":["GET"]}}],"collection":[{"href":"https:\/\/conadi.gob.gt\/web\/wp-json\/wp\/v2\/posts"}],"about":[{"href":"https:\/\/conadi.gob.gt\/web\/wp-json\/wp\/v2\/types\/post"}],"author":[{"embeddable":true,"href":"https:\/\/conadi.gob.gt\/web\/wp-json\/wp\/v2\/users\/7"}],"replies":[{"embeddable":true,"href":"https:\/\/conadi.gob.gt\/web\/wp-json\/wp\/v2\/comments?post=5383"}],"version-history":[{"count":1,"href":"https:\/\/conadi.gob.gt\/web\/wp-json\/wp\/v2\/posts\/5383\/revisions"}],"predecessor-version":[{"id":5385,"href":"https:\/\/conadi.gob.gt\/web\/wp-json\/wp\/v2\/posts\/5383\/revisions\/5385"}],"wp:attachment":[{"href":"https:\/\/conadi.gob.gt\/web\/wp-json\/wp\/v2\/media?parent=5383"}],"wp:term":[{"taxonomy":"category","embeddable":true,"href":"https:\/\/conadi.gob.gt\/web\/wp-json\/wp\/v2\/categories?post=5383"},{"taxonomy":"post_tag","embeddable":true,"href":"https:\/\/conadi.gob.gt\/web\/wp-json\/wp\/v2\/tags?post=5383"}],"curies":[{"name":"wp","href":"https:\/\/api.w.org\/{rel}","templated":true}]}}