{"id":5400,"date":"2018-07-06T17:47:41","date_gmt":"2018-07-06T17:47:41","guid":{"rendered":"http:\/\/conadi.gob.gt\/web\/?p=5400"},"modified":"2018-07-06T17:47:41","modified_gmt":"2018-07-06T17:47:41","slug":"avanza-proyecto-de-creacion-de-ente-regional-sobre-discapacidad","status":"publish","type":"post","link":"https:\/\/conadi.gob.gt\/web\/avanza-proyecto-de-creacion-de-ente-regional-sobre-discapacidad\/","title":{"rendered":"Avanza proyecto de creaci\u00f3n de ente regional sobre discapacidad"},"content":{"rendered":"<p>El CONADI de Guatemala juntamente con el CONADIS de Rep\u00fablica Dominicana encabezaron el trabajo de cabildeo con mandatarios de los pa\u00edses del Sistema de Integraci\u00f3n Centroamericana -SICA-, en el marco de la 51a cumbre de jefes de Estado llevada a cabo en Santo Domingo, Rep\u00fablica Dominicana del 29 de junio al 1 de julio. Durante la presidencia pro de t\u00e9mpore de Danilo Medina, jefe de Estado de Rep\u00fablica Dominicana, fue impulsada la creaci\u00f3n de un ente regional en materia de discapacidad, desde la estructura del SICA. En el informe presentado por el secretario general de referido \u00f3rgano, Vinicio Cerezo, se enfatiz\u00f3 que se trabaja para fortalecer el cumplimiento de los derechos humanos, haciendo referencia en las proyecciones, sobre los encuentros de los entes rectores y coordinadores en materia de discapacidad. La presidencia pro t\u00e9mpore de los pr\u00f3ximos seis meses, fue recibida por el Ministro de Relaciones Exteriores de Belice, Wilfredo Elrington en representaci\u00f3n del primer ministro Deam Barrow. Ahora, ser\u00e1 la cartera de Desarrollo Humano de referido pa\u00eds, que deber\u00e1 continuar impulsando de manera conjunta con los CONADI\u00b4s de la regi\u00f3n, el establecimiento del ente en materia de discapacidad.<br \/>\nEl presidente Jimmy Morales junto a algunos de sus ministros, entre ellos la canciller Sandra Jovel, ofrecieron todo su apoyo a la propuesta. Un planteamiento que a todas luces consideran justo y viable; por lo que en los pr\u00f3ximos d\u00edas se estar\u00e1 dando una reuni\u00f3n con el mandatario y la encargada de la cartera de Relaciones Exteriores.<br \/>\nEste encuentro pretende el establecimiento del organismo regional en el segundo semestre del presente a\u00f1o, una propuesta que puede liderar el gobierno guatemalteco. Con ello, se estar\u00e1 fortaleciendo la institucionalidad que en materia de discapacidad se tiene en el pa\u00eds.<\/p>\n<p>Los entes rectores de discapacidad de la regi\u00f3n centroamericana y del Caribe unifican esfuerzos para un mejor resultado en su trabajo. Una acci\u00f3n que se impulsa con fundamento en los mandatos de la Convenci\u00f3n de las Naciones Unidas en esta materia, as\u00ed como en los principios de la raz\u00f3n, la equidad y la justicia. <\/p>\n<figure id=\"attachment_5401\" aria-describedby=\"caption-attachment-5401\" style=\"width: 1024px\" class=\"wp-caption aligncenter\"><a href=\"https:\/\/conadi.gob.gt\/web\/wp-content\/uploads\/2018\/07\/collage-SICA-RD.jpg\"><img loading=\"lazy\" decoding=\"async\" id=\"longdesc-return-5401\" longdesc=\"https:\/\/conadi.gob.gt\/web?longdesc=5401&#038;referrer=5400\" src=\"https:\/\/conadi.gob.gt\/web\/wp-content\/uploads\/2018\/07\/collage-SICA-RD-1024x1024.jpg\" alt=\"Consejos rectores en discapaciad impulsan proyecto de creaci\u00f3n de un ente regional en la materia\" width=\"1024\" height=\"1024\" class=\"size-large wp-image-5401\" srcset=\"https:\/\/conadi.gob.gt\/web\/wp-content\/uploads\/2018\/07\/collage-SICA-RD-1024x1024.jpg 1024w, https:\/\/conadi.gob.gt\/web\/wp-content\/uploads\/2018\/07\/collage-SICA-RD-150x150.jpg 150w, https:\/\/conadi.gob.gt\/web\/wp-content\/uploads\/2018\/07\/collage-SICA-RD-300x300.jpg 300w, https:\/\/conadi.gob.gt\/web\/wp-content\/uploads\/2018\/07\/collage-SICA-RD-768x768.jpg 768w\" sizes=\"auto, (max-width: 1024px) 100vw, 1024px\" \/><\/a><figcaption id=\"caption-attachment-5401\" class=\"wp-caption-text\">Avanza proyecto de creaci\u00f3n de ente regional sobre discapacidad<\/figcaption><\/figure>\n","protected":false},"excerpt":{"rendered":"<p>El CONADI de Guatemala juntamente con el CONADIS de Rep\u00fablica Dominicana encabezaron el trabajo de cabildeo con mandatarios de los pa\u00edses del Sistema de Integraci\u00f3n Centroamericana -SICA-, en el marco de la 51a cumbre de jefes de Estado llevada a cabo en Santo Domingo, Rep\u00fablica Dominicana del 29 de junio al 1 de julio. Durante &hellip; <\/p>\n<p class=\"link-more\"><a href=\"https:\/\/conadi.gob.gt\/web\/avanza-proyecto-de-creacion-de-ente-regional-sobre-discapacidad\/\" class=\"more-link\">Leer m\u00e1s<span class=\"screen-reader-text\"> \u00abAvanza proyecto de creaci\u00f3n de ente regional sobre discapacidad\u00bb<\/span><\/a><\/p>\n","protected":false},"author":7,"featured_media":0,"comment_status":"open","ping_status":"closed","sticky":false,"template":"","format":"standard","meta":{"footnotes":""},"categories":[3],"tags":[],"class_list":["post-5400","post","type-post","status-publish","format-standard","hentry","category-noticias"],"_links":{"self":[{"href":"https:\/\/conadi.gob.gt\/web\/wp-json\/wp\/v2\/posts\/5400","targetHints":{"allow":["GET"]}}],"collection":[{"href":"https:\/\/conadi.gob.gt\/web\/wp-json\/wp\/v2\/posts"}],"about":[{"href":"https:\/\/conadi.gob.gt\/web\/wp-json\/wp\/v2\/types\/post"}],"author":[{"embeddable":true,"href":"https:\/\/conadi.gob.gt\/web\/wp-json\/wp\/v2\/users\/7"}],"replies":[{"embeddable":true,"href":"https:\/\/conadi.gob.gt\/web\/wp-json\/wp\/v2\/comments?post=5400"}],"version-history":[{"count":1,"href":"https:\/\/conadi.gob.gt\/web\/wp-json\/wp\/v2\/posts\/5400\/revisions"}],"predecessor-version":[{"id":5402,"href":"https:\/\/conadi.gob.gt\/web\/wp-json\/wp\/v2\/posts\/5400\/revisions\/5402"}],"wp:attachment":[{"href":"https:\/\/conadi.gob.gt\/web\/wp-json\/wp\/v2\/media?parent=5400"}],"wp:term":[{"taxonomy":"category","embeddable":true,"href":"https:\/\/conadi.gob.gt\/web\/wp-json\/wp\/v2\/categories?post=5400"},{"taxonomy":"post_tag","embeddable":true,"href":"https:\/\/conadi.gob.gt\/web\/wp-json\/wp\/v2\/tags?post=5400"}],"curies":[{"name":"wp","href":"https:\/\/api.w.org\/{rel}","templated":true}]}}