{"id":5436,"date":"2018-08-20T20:14:50","date_gmt":"2018-08-20T20:14:50","guid":{"rendered":"http:\/\/conadi.gob.gt\/web\/?p=5436"},"modified":"2018-08-20T20:15:41","modified_gmt":"2018-08-20T20:15:41","slug":"presentan-informe-sobre-pueblos-indigenas-con-discapacidad","status":"publish","type":"post","link":"https:\/\/conadi.gob.gt\/web\/presentan-informe-sobre-pueblos-indigenas-con-discapacidad\/","title":{"rendered":"Presentan informe sobre Personas de Pueblos Ind\u00edgenas con Discapacidad"},"content":{"rendered":"<p>La Comisi\u00f3n de Pueblos Ind\u00edgenas del Congreso de la Rep\u00fablica, presidida por el diputado Leocadio Jurac\u00e1n, convoc\u00f3 a entidades de gobierno para conocer el informe de la Comisi\u00f3n de seguimiento de l\u00edderes con discapacidad de pueblos ind\u00edgenas. Asimismo, conocer las acciones institucionales en temas espec\u00edficos, entre estos: educaci\u00f3n y formaci\u00f3n, salud, desde un enfoque intercultural; trabajo, empleo, productividad agr\u00edcola, gesti\u00f3n de riesgos de desastres naturales y equidad de g\u00e9nero, comunicaci\u00f3n e informaci\u00f3n. Los entes que atendieron el llamado fueron, la direcci\u00f3n de Educaci\u00f3n Especial del Mineduc, COPREDEH, DEMI, ALMG, MSPAS. Asimismo, se cont\u00f3 con la participaci\u00f3n de representantes de organismos internacionales, que han incluido el tema de discapacidad en su agenda de cooperaci\u00f3n.<\/p>\n<figure id=\"attachment_5437\" aria-describedby=\"caption-attachment-5437\" style=\"width: 407px\" class=\"wp-caption aligncenter\"><a href=\"https:\/\/conadi.gob.gt\/web\/wp-content\/uploads\/2018\/08\/Collage-pueblos-indigenas.jpg\"><img loading=\"lazy\" decoding=\"async\" id=\"longdesc-return-5437\" longdesc=\"https:\/\/conadi.gob.gt\/web?longdesc=5437&#038;referrer=5436\" src=\"https:\/\/conadi.gob.gt\/web\/wp-content\/uploads\/2018\/08\/Collage-pueblos-indigenas.jpg\" alt=\"Pueblos Ind\u00edgenas con Discapacidad\" width=\"407\" height=\"407\" class=\"size-full wp-image-5437\" srcset=\"https:\/\/conadi.gob.gt\/web\/wp-content\/uploads\/2018\/08\/Collage-pueblos-indigenas.jpg 407w, https:\/\/conadi.gob.gt\/web\/wp-content\/uploads\/2018\/08\/Collage-pueblos-indigenas-150x150.jpg 150w, https:\/\/conadi.gob.gt\/web\/wp-content\/uploads\/2018\/08\/Collage-pueblos-indigenas-300x300.jpg 300w\" sizes=\"auto, (max-width: 407px) 100vw, 407px\" \/><\/a><figcaption id=\"caption-attachment-5437\" class=\"wp-caption-text\">Pueblos Ind\u00edgenas con Discapacidad<\/figcaption><\/figure>\n","protected":false},"excerpt":{"rendered":"<p>La Comisi\u00f3n de Pueblos Ind\u00edgenas del Congreso de la Rep\u00fablica, presidida por el diputado Leocadio Jurac\u00e1n, convoc\u00f3 a entidades de gobierno para conocer el informe de la Comisi\u00f3n de seguimiento de l\u00edderes con discapacidad de pueblos ind\u00edgenas. Asimismo, conocer las acciones institucionales en temas espec\u00edficos, entre estos: educaci\u00f3n y formaci\u00f3n, salud, desde un enfoque intercultural; &hellip; <\/p>\n<p class=\"link-more\"><a href=\"https:\/\/conadi.gob.gt\/web\/presentan-informe-sobre-pueblos-indigenas-con-discapacidad\/\" class=\"more-link\">Leer m\u00e1s<span class=\"screen-reader-text\"> \u00abPresentan informe sobre Personas de Pueblos Ind\u00edgenas con Discapacidad\u00bb<\/span><\/a><\/p>\n","protected":false},"author":7,"featured_media":0,"comment_status":"open","ping_status":"closed","sticky":false,"template":"","format":"standard","meta":{"footnotes":""},"categories":[3],"tags":[],"class_list":["post-5436","post","type-post","status-publish","format-standard","hentry","category-noticias"],"_links":{"self":[{"href":"https:\/\/conadi.gob.gt\/web\/wp-json\/wp\/v2\/posts\/5436","targetHints":{"allow":["GET"]}}],"collection":[{"href":"https:\/\/conadi.gob.gt\/web\/wp-json\/wp\/v2\/posts"}],"about":[{"href":"https:\/\/conadi.gob.gt\/web\/wp-json\/wp\/v2\/types\/post"}],"author":[{"embeddable":true,"href":"https:\/\/conadi.gob.gt\/web\/wp-json\/wp\/v2\/users\/7"}],"replies":[{"embeddable":true,"href":"https:\/\/conadi.gob.gt\/web\/wp-json\/wp\/v2\/comments?post=5436"}],"version-history":[{"count":2,"href":"https:\/\/conadi.gob.gt\/web\/wp-json\/wp\/v2\/posts\/5436\/revisions"}],"predecessor-version":[{"id":5439,"href":"https:\/\/conadi.gob.gt\/web\/wp-json\/wp\/v2\/posts\/5436\/revisions\/5439"}],"wp:attachment":[{"href":"https:\/\/conadi.gob.gt\/web\/wp-json\/wp\/v2\/media?parent=5436"}],"wp:term":[{"taxonomy":"category","embeddable":true,"href":"https:\/\/conadi.gob.gt\/web\/wp-json\/wp\/v2\/categories?post=5436"},{"taxonomy":"post_tag","embeddable":true,"href":"https:\/\/conadi.gob.gt\/web\/wp-json\/wp\/v2\/tags?post=5436"}],"curies":[{"name":"wp","href":"https:\/\/api.w.org\/{rel}","templated":true}]}}