{"id":5444,"date":"2018-08-20T22:23:18","date_gmt":"2018-08-20T22:23:18","guid":{"rendered":"http:\/\/conadi.gob.gt\/web\/?p=5444"},"modified":"2018-08-20T22:24:44","modified_gmt":"2018-08-20T22:24:44","slug":"word-vision-y-conadi-suscriben-convenio","status":"publish","type":"post","link":"https:\/\/conadi.gob.gt\/web\/word-vision-y-conadi-suscriben-convenio\/","title":{"rendered":"Word Vision y CONADI suscriben convenio"},"content":{"rendered":"<p>La fundaci\u00f3n World Vision Guatemala y el CONADI firmaron una carta de entendimiento. El acuerdo contempla un proyecto dirigido a adolescentes y j\u00f3venes con discapacidad en los departamentos de Quetzaltenango, Totonicap\u00e1n, Huehuetenengo y Quich\u00e9, quienes podr\u00e1n optar a programas para mejorar su calidad de vida, educaci\u00f3n, empleo y emprendimiento. El director ejecutivo de WVG, Peter Gape y el se\u00f1or presidente del CONADI, Jorge Yat, firmaron el documento oficial.<\/p>\n<figure id=\"attachment_5445\" aria-describedby=\"caption-attachment-5445\" style=\"width: 407px\" class=\"wp-caption aligncenter\"><a href=\"https:\/\/conadi.gob.gt\/web\/wp-content\/uploads\/2018\/08\/Accion-contra-el-hambre-collage.jpg\"><img loading=\"lazy\" decoding=\"async\" id=\"longdesc-return-5445\" longdesc=\"https:\/\/conadi.gob.gt\/web?longdesc=5445&#038;referrer=5444\" src=\"https:\/\/conadi.gob.gt\/web\/wp-content\/uploads\/2018\/08\/Accion-contra-el-hambre-collage.jpg\" alt=\"Suscripci\u00f3n CONADI-Word Vision\" width=\"407\" height=\"407\" class=\"size-full wp-image-5445\" srcset=\"https:\/\/conadi.gob.gt\/web\/wp-content\/uploads\/2018\/08\/Accion-contra-el-hambre-collage.jpg 407w, https:\/\/conadi.gob.gt\/web\/wp-content\/uploads\/2018\/08\/Accion-contra-el-hambre-collage-150x150.jpg 150w, https:\/\/conadi.gob.gt\/web\/wp-content\/uploads\/2018\/08\/Accion-contra-el-hambre-collage-300x300.jpg 300w\" sizes=\"auto, (max-width: 407px) 100vw, 407px\" \/><\/a><figcaption id=\"caption-attachment-5445\" class=\"wp-caption-text\">CONADI y Word Vision<\/figcaption><\/figure>\n","protected":false},"excerpt":{"rendered":"<p>La fundaci\u00f3n World Vision Guatemala y el CONADI firmaron una carta de entendimiento. El acuerdo contempla un proyecto dirigido a adolescentes y j\u00f3venes con discapacidad en los departamentos de Quetzaltenango, Totonicap\u00e1n, Huehuetenengo y Quich\u00e9, quienes podr\u00e1n optar a programas para mejorar su calidad de vida, educaci\u00f3n, empleo y emprendimiento. El director ejecutivo de WVG, Peter &hellip; <\/p>\n<p class=\"link-more\"><a href=\"https:\/\/conadi.gob.gt\/web\/word-vision-y-conadi-suscriben-convenio\/\" class=\"more-link\">Leer m\u00e1s<span class=\"screen-reader-text\"> \u00abWord Vision y CONADI suscriben convenio\u00bb<\/span><\/a><\/p>\n","protected":false},"author":7,"featured_media":0,"comment_status":"open","ping_status":"closed","sticky":false,"template":"","format":"standard","meta":{"footnotes":""},"categories":[3],"tags":[],"class_list":["post-5444","post","type-post","status-publish","format-standard","hentry","category-noticias"],"_links":{"self":[{"href":"https:\/\/conadi.gob.gt\/web\/wp-json\/wp\/v2\/posts\/5444","targetHints":{"allow":["GET"]}}],"collection":[{"href":"https:\/\/conadi.gob.gt\/web\/wp-json\/wp\/v2\/posts"}],"about":[{"href":"https:\/\/conadi.gob.gt\/web\/wp-json\/wp\/v2\/types\/post"}],"author":[{"embeddable":true,"href":"https:\/\/conadi.gob.gt\/web\/wp-json\/wp\/v2\/users\/7"}],"replies":[{"embeddable":true,"href":"https:\/\/conadi.gob.gt\/web\/wp-json\/wp\/v2\/comments?post=5444"}],"version-history":[{"count":1,"href":"https:\/\/conadi.gob.gt\/web\/wp-json\/wp\/v2\/posts\/5444\/revisions"}],"predecessor-version":[{"id":5446,"href":"https:\/\/conadi.gob.gt\/web\/wp-json\/wp\/v2\/posts\/5444\/revisions\/5446"}],"wp:attachment":[{"href":"https:\/\/conadi.gob.gt\/web\/wp-json\/wp\/v2\/media?parent=5444"}],"wp:term":[{"taxonomy":"category","embeddable":true,"href":"https:\/\/conadi.gob.gt\/web\/wp-json\/wp\/v2\/categories?post=5444"},{"taxonomy":"post_tag","embeddable":true,"href":"https:\/\/conadi.gob.gt\/web\/wp-json\/wp\/v2\/tags?post=5444"}],"curies":[{"name":"wp","href":"https:\/\/api.w.org\/{rel}","templated":true}]}}