{"id":5448,"date":"2018-08-20T22:35:30","date_gmt":"2018-08-20T22:35:30","guid":{"rendered":"http:\/\/conadi.gob.gt\/web\/?p=5448"},"modified":"2018-08-20T22:36:02","modified_gmt":"2018-08-20T22:36:02","slug":"discuten-situacion-actual-de-personas-con-discapacidad-institucionalizadas","status":"publish","type":"post","link":"https:\/\/conadi.gob.gt\/web\/discuten-situacion-actual-de-personas-con-discapacidad-institucionalizadas\/","title":{"rendered":"Discuten situaci\u00f3n actual de Personas con Discapacidad Institucionalizadas"},"content":{"rendered":"<p>La Comisi\u00f3n de Derechos Humanos del Congreso de la Rep\u00fablica, presidida por el diputado Ronald Estuardo Arango, convoc\u00f3 a autoridades de la Procuraduria General de La Nacion, Procuraduria de los Derechos Humanos (Guatemala), Secretar\u00eda de Bienestar Social de la Presidencia, Ministerio De Gobernaci\u00f3n Guatemala, Ministerio de Salud P\u00fablica y Asistencia Social, Secretar\u00eda de Bienestar Social de la Presidencia, Copredeh Guatemala, para conocer las acciones realizadas en torno a las personas en condici\u00f3n de discapacidad que se encuentran institucionalizadas en hogares de abrigo. Esta citaci\u00f3n deriva del informe avalado por la Procuradur\u00eda de Derechos Humanos, realizado por Disability Riths International y Colectivo Vida Independiente, que hace referencia sobre las condiciones en que se encuentra las personas con discapacidad intelectual y mental. El CONADI, hizo referencia sobre la necesidad de contar con autoridades con toma decisi\u00f3n en la mesa de seguimiento de NNA con discapacidad, instalada a consecuencia del incidente del Hogar Seguro. Asimismo, trabajar en un modelo de atenci\u00f3n para las personas con discapacidad desde la perspectiva de derechos humanos.<\/p>\n<figure id=\"attachment_5449\" aria-describedby=\"caption-attachment-5449\" style=\"width: 407px\" class=\"wp-caption aligncenter\"><a href=\"https:\/\/conadi.gob.gt\/web\/wp-content\/uploads\/2018\/08\/Ronald-arango-collage.jpg\"><img loading=\"lazy\" decoding=\"async\" id=\"longdesc-return-5449\" longdesc=\"https:\/\/conadi.gob.gt\/web?longdesc=5449&#038;referrer=5448\" src=\"https:\/\/conadi.gob.gt\/web\/wp-content\/uploads\/2018\/08\/Ronald-arango-collage.jpg\" alt=\"Diputados de la Comisi\u00f3n de derechos Humanos abord\u00f3 el tema de personas con discapacidad institucionalizadas\" width=\"407\" height=\"407\" class=\"size-full wp-image-5449\" srcset=\"https:\/\/conadi.gob.gt\/web\/wp-content\/uploads\/2018\/08\/Ronald-arango-collage.jpg 407w, https:\/\/conadi.gob.gt\/web\/wp-content\/uploads\/2018\/08\/Ronald-arango-collage-150x150.jpg 150w, https:\/\/conadi.gob.gt\/web\/wp-content\/uploads\/2018\/08\/Ronald-arango-collage-300x300.jpg 300w\" sizes=\"auto, (max-width: 407px) 100vw, 407px\" \/><\/a><figcaption id=\"caption-attachment-5449\" class=\"wp-caption-text\">Comisi\u00f3n de derechos Humanos del Congreso de la Rep\u00fablica, abord\u00f3 el tema de personas con discapacidad institucionalizadas<\/figcaption><\/figure>\n","protected":false},"excerpt":{"rendered":"<p>La Comisi\u00f3n de Derechos Humanos del Congreso de la Rep\u00fablica, presidida por el diputado Ronald Estuardo Arango, convoc\u00f3 a autoridades de la Procuraduria General de La Nacion, Procuraduria de los Derechos Humanos (Guatemala), Secretar\u00eda de Bienestar Social de la Presidencia, Ministerio De Gobernaci\u00f3n Guatemala, Ministerio de Salud P\u00fablica y Asistencia Social, Secretar\u00eda de Bienestar Social &hellip; <\/p>\n<p class=\"link-more\"><a href=\"https:\/\/conadi.gob.gt\/web\/discuten-situacion-actual-de-personas-con-discapacidad-institucionalizadas\/\" class=\"more-link\">Leer m\u00e1s<span class=\"screen-reader-text\"> \u00abDiscuten situaci\u00f3n actual de Personas con Discapacidad Institucionalizadas\u00bb<\/span><\/a><\/p>\n","protected":false},"author":7,"featured_media":0,"comment_status":"open","ping_status":"closed","sticky":false,"template":"","format":"standard","meta":{"footnotes":""},"categories":[3,1],"tags":[],"class_list":["post-5448","post","type-post","status-publish","format-standard","hentry","category-noticias","category-sin-categoria"],"_links":{"self":[{"href":"https:\/\/conadi.gob.gt\/web\/wp-json\/wp\/v2\/posts\/5448","targetHints":{"allow":["GET"]}}],"collection":[{"href":"https:\/\/conadi.gob.gt\/web\/wp-json\/wp\/v2\/posts"}],"about":[{"href":"https:\/\/conadi.gob.gt\/web\/wp-json\/wp\/v2\/types\/post"}],"author":[{"embeddable":true,"href":"https:\/\/conadi.gob.gt\/web\/wp-json\/wp\/v2\/users\/7"}],"replies":[{"embeddable":true,"href":"https:\/\/conadi.gob.gt\/web\/wp-json\/wp\/v2\/comments?post=5448"}],"version-history":[{"count":1,"href":"https:\/\/conadi.gob.gt\/web\/wp-json\/wp\/v2\/posts\/5448\/revisions"}],"predecessor-version":[{"id":5450,"href":"https:\/\/conadi.gob.gt\/web\/wp-json\/wp\/v2\/posts\/5448\/revisions\/5450"}],"wp:attachment":[{"href":"https:\/\/conadi.gob.gt\/web\/wp-json\/wp\/v2\/media?parent=5448"}],"wp:term":[{"taxonomy":"category","embeddable":true,"href":"https:\/\/conadi.gob.gt\/web\/wp-json\/wp\/v2\/categories?post=5448"},{"taxonomy":"post_tag","embeddable":true,"href":"https:\/\/conadi.gob.gt\/web\/wp-json\/wp\/v2\/tags?post=5448"}],"curies":[{"name":"wp","href":"https:\/\/api.w.org\/{rel}","templated":true}]}}