{"id":5519,"date":"2018-11-19T17:57:07","date_gmt":"2018-11-19T17:57:07","guid":{"rendered":"http:\/\/conadi.gob.gt\/web\/?p=5519"},"modified":"2018-11-19T17:57:07","modified_gmt":"2018-11-19T17:57:07","slug":"diputados-reciben-agenda-de-lideres-de-pueblos-indigenas-con-discapacidad","status":"publish","type":"post","link":"https:\/\/conadi.gob.gt\/web\/diputados-reciben-agenda-de-lideres-de-pueblos-indigenas-con-discapacidad\/","title":{"rendered":"Diputados reciben agenda de L\u00edderes de Pueblos Ind\u00edgenas con Discapacidad"},"content":{"rendered":"<p>La comisi\u00f3n de seguimiento al proceso de inclusi\u00f3n de la poblaci\u00f3n ind\u00edgena con discapacidad en la agenda p\u00fablica, entreg\u00f3 a representantes de la Defensor\u00eda de la Mujer Ind\u00edgena, Ministerio de Trabajo y Previsi\u00f3n Social, Comisi\u00f3n Presidencial contra la Discriminaci\u00f3n y el Racismo y las Comisiones de Pueblos Ind\u00edgenas y Discapacidad del Organismo Legislativo, una hoja de ruta que propone un proceso organizado en dos grandes fases: la primera de fortalecimiento de la Comisi\u00f3n de trabajo del CONADI y la segunda, implementaci\u00f3n de la defensa de los derechos de las personas con discapacidad de pueblos ind\u00edgenas con enfoque intercultural.<br \/>\nEste proceso deriv\u00f3 de los encuentros realizados en la ciudad capital, el 8 y 9 de agosto de 2017 y del 28 al 30 de agosto de 2018, en Panajachel, Solol\u00e1.<br \/>\nEs importante mencionar que como producto del I Encuentro, se coordin\u00f3 con la Unidad de Pueblos Ind\u00edgenas e Interculturalidad del Ministerio de Salud P\u00fablica y Asistencia Social, la capacitaci\u00f3n y formaci\u00f3n de profesionales en salud de las Direcciones de \u00c1rea de Salud sobre la atenci\u00f3n adecuada, digna y con pertinencia cultural necesarias para brindar a las personas con discapacidad de las comunidades ind\u00edgenas.<\/p>\n<figure id=\"attachment_5520\" aria-describedby=\"caption-attachment-5520\" style=\"width: 407px\" class=\"wp-caption aligncenter\"><a href=\"https:\/\/conadi.gob.gt\/web\/wp-content\/uploads\/2018\/11\/collage.jpg\"><img loading=\"lazy\" decoding=\"async\" id=\"longdesc-return-5520\" longdesc=\"https:\/\/conadi.gob.gt\/web?longdesc=5520&#038;referrer=5519\" src=\"https:\/\/conadi.gob.gt\/web\/wp-content\/uploads\/2018\/11\/collage.jpg\" alt=\"Congreso recibe agenda de pueblos ind\u00edgenas\" width=\"407\" height=\"407\" class=\"size-full wp-image-5520\" srcset=\"https:\/\/conadi.gob.gt\/web\/wp-content\/uploads\/2018\/11\/collage.jpg 407w, https:\/\/conadi.gob.gt\/web\/wp-content\/uploads\/2018\/11\/collage-150x150.jpg 150w, https:\/\/conadi.gob.gt\/web\/wp-content\/uploads\/2018\/11\/collage-300x300.jpg 300w\" sizes=\"auto, (max-width: 407px) 100vw, 407px\" \/><\/a><figcaption id=\"caption-attachment-5520\" class=\"wp-caption-text\">Diputados reciben agenda de L\u00edderes con discapacidad de pueblos ind\u00edgenas<\/figcaption><\/figure>\n","protected":false},"excerpt":{"rendered":"<p>La comisi\u00f3n de seguimiento al proceso de inclusi\u00f3n de la poblaci\u00f3n ind\u00edgena con discapacidad en la agenda p\u00fablica, entreg\u00f3 a representantes de la Defensor\u00eda de la Mujer Ind\u00edgena, Ministerio de Trabajo y Previsi\u00f3n Social, Comisi\u00f3n Presidencial contra la Discriminaci\u00f3n y el Racismo y las Comisiones de Pueblos Ind\u00edgenas y Discapacidad del Organismo Legislativo, una hoja &hellip; <\/p>\n<p class=\"link-more\"><a href=\"https:\/\/conadi.gob.gt\/web\/diputados-reciben-agenda-de-lideres-de-pueblos-indigenas-con-discapacidad\/\" class=\"more-link\">Leer m\u00e1s<span class=\"screen-reader-text\"> \u00abDiputados reciben agenda de L\u00edderes de Pueblos Ind\u00edgenas con Discapacidad\u00bb<\/span><\/a><\/p>\n","protected":false},"author":7,"featured_media":0,"comment_status":"open","ping_status":"closed","sticky":false,"template":"","format":"standard","meta":{"footnotes":""},"categories":[3],"tags":[],"class_list":["post-5519","post","type-post","status-publish","format-standard","hentry","category-noticias"],"_links":{"self":[{"href":"https:\/\/conadi.gob.gt\/web\/wp-json\/wp\/v2\/posts\/5519","targetHints":{"allow":["GET"]}}],"collection":[{"href":"https:\/\/conadi.gob.gt\/web\/wp-json\/wp\/v2\/posts"}],"about":[{"href":"https:\/\/conadi.gob.gt\/web\/wp-json\/wp\/v2\/types\/post"}],"author":[{"embeddable":true,"href":"https:\/\/conadi.gob.gt\/web\/wp-json\/wp\/v2\/users\/7"}],"replies":[{"embeddable":true,"href":"https:\/\/conadi.gob.gt\/web\/wp-json\/wp\/v2\/comments?post=5519"}],"version-history":[{"count":1,"href":"https:\/\/conadi.gob.gt\/web\/wp-json\/wp\/v2\/posts\/5519\/revisions"}],"predecessor-version":[{"id":5521,"href":"https:\/\/conadi.gob.gt\/web\/wp-json\/wp\/v2\/posts\/5519\/revisions\/5521"}],"wp:attachment":[{"href":"https:\/\/conadi.gob.gt\/web\/wp-json\/wp\/v2\/media?parent=5519"}],"wp:term":[{"taxonomy":"category","embeddable":true,"href":"https:\/\/conadi.gob.gt\/web\/wp-json\/wp\/v2\/categories?post=5519"},{"taxonomy":"post_tag","embeddable":true,"href":"https:\/\/conadi.gob.gt\/web\/wp-json\/wp\/v2\/tags?post=5519"}],"curies":[{"name":"wp","href":"https:\/\/api.w.org\/{rel}","templated":true}]}}