{"id":5524,"date":"2018-11-19T18:22:36","date_gmt":"2018-11-19T18:22:36","guid":{"rendered":"http:\/\/conadi.gob.gt\/web\/?p=5524"},"modified":"2018-11-19T18:25:30","modified_gmt":"2018-11-19T18:25:30","slug":"5524","status":"publish","type":"post","link":"https:\/\/conadi.gob.gt\/web\/5524\/","title":{"rendered":"Presentan Programa Iberoamericano sobre Discapacidad"},"content":{"rendered":"<p>Guatemala fue sede de un acontecimiento que puede trascender en la vida de la poblaci\u00f3n con discapacidad de muchos pa\u00edses. Los d\u00edas 15 y 16 de noviembre, se llev\u00f3 a cabo la XXVI Cumbre de la Organizaci\u00f3n de Estados Iberoamericanos. Organismo que entre otros temas, aprob\u00f3 la Iniciativa Iberoamericana Sobre los Derechos de las Personas con Discapacidad. Resultado de la lucha del sector por dar visibilidad a sus demandas y necesidades. La presentaci\u00f3n del instrumento se llev\u00f3 a cabo ante la presencia del Rey VI de Espa\u00f1a, Felipe de Borb\u00f3n; el presidente de Ecuador, Len\u00edn Moreno; la viceprecidente de Argentina; Gabriela Michetti, el presidente de Guatemala, Jimmy Morales; Sebasti\u00e1n Toledo, director del CONADI.<br \/>\nLos Jefes de Estado conocieron y adoptaron el compromiso de promover el cumplimiento de los derechos de 90 millones de personas que viven en la regi\u00f3n. Esta cantidad, seg\u00fan la Organizaci\u00f3n Mundial de la Salud, representa el 15% de la totalidad de los habitantes de Iberoam\u00e9rica. Poblaci\u00f3n que en su mayor\u00eda, no cuenta con los recursos m\u00ednimos para su participaci\u00f3n social en pi\u00e9 de igualdad.<br \/>\nLa Organizaci\u00f3n de las Naciones Unidas y otros foros mundiales, desde hace algunos a\u00f1os han adoptado acciones en pro de los derechos de la poblaci\u00f3n con Discapacidad. La acci\u00f3n de mayor preponderancia, indudablemente que ha sido la Convenci\u00f3n de la ONU en esta materia, seguida de acuerdos continentales, regionales y  nacionales. Por lo que ahora, corresponde a la Organizaci\u00f3n de Estados Iberoamericanos.<br \/>\nLa iniciativa fue presentada el 15 de noviembre por la Secretar\u00eda General de la OEI en la sede de la Agencia de Cooperaci\u00f3n Espa\u00f1ola en la Antigua Guatemala.<br \/>\nEl acuerdo incluye compromisos de los Estados para la promoci\u00f3n de los derechos laborales, educativos y de salud del sector. As\u00ed como la implementaci\u00f3n de medidas para asegurar  su participaci\u00f3n en la vida p\u00fablica, la seguridad y justicia. ELLO comprende la generaci\u00f3n de registros oficiales, ya que en la mayor\u00eda de los pa\u00edses se carece de datos para el desarrollo de pol\u00edticas p\u00fablicas.<br \/>\nAl adoptar las naciones iberoamericanas esta iniciativa, los gobiernos deber\u00e1n cumplir con acciones t\u00e9cnicas, administrativas y pol\u00edticas. Entre \u00e9stas, la asignaci\u00f3n de la cuota de pa\u00eds que permita alcanzar los objetivos de la misma, gesti\u00f3n que no ser\u00e1 nada f\u00e1cil dada la situaci\u00f3n econ\u00f3mica imperante en la regi\u00f3n. Pero  habr\u00e1 que hacer el esfuerzo para que no se derive en declaraci\u00f3n de buenas intenciones.<br \/>\nLuego de lo actuado por los Jefes de Estado de Iberoam\u00e9rica, debe continuarse con la labor de las organizaciones representativas del sector y los entes rectores de cada pa\u00eds. Ya que deber\u00e1n establecerse los mecanismos para la operativizaci\u00f3n de los compromisos por la institucionalidad p\u00fablica. Asimismo, el apropiamiento del tema por parte de los interesados, de tal manera que la iniciativa sea un esfuerzo que trascienda.<\/p>\n<figure id=\"attachment_5525\" aria-describedby=\"caption-attachment-5525\" style=\"width: 407px\" class=\"wp-caption aligncenter\"><a href=\"https:\/\/conadi.gob.gt\/web\/wp-content\/uploads\/2018\/11\/collage-1.jpg\"><img loading=\"lazy\" decoding=\"async\" id=\"longdesc-return-5525\" longdesc=\"https:\/\/conadi.gob.gt\/web?longdesc=5525&#038;referrer=5524\" src=\"https:\/\/conadi.gob.gt\/web\/wp-content\/uploads\/2018\/11\/collage-1.jpg\" alt=\"Presentaci\u00f3n del programa iberoamericana sobre discapacidad\" width=\"407\" height=\"407\" class=\"size-full wp-image-5525\" srcset=\"https:\/\/conadi.gob.gt\/web\/wp-content\/uploads\/2018\/11\/collage-1.jpg 407w, https:\/\/conadi.gob.gt\/web\/wp-content\/uploads\/2018\/11\/collage-1-150x150.jpg 150w, https:\/\/conadi.gob.gt\/web\/wp-content\/uploads\/2018\/11\/collage-1-300x300.jpg 300w\" sizes=\"auto, (max-width: 407px) 100vw, 407px\" \/><\/a><figcaption id=\"caption-attachment-5525\" class=\"wp-caption-text\">Programa iberoamericana discapacidad<\/figcaption><\/figure>\n","protected":false},"excerpt":{"rendered":"<p>Guatemala fue sede de un acontecimiento que puede trascender en la vida de la poblaci\u00f3n con discapacidad de muchos pa\u00edses. Los d\u00edas 15 y 16 de noviembre, se llev\u00f3 a cabo la XXVI Cumbre de la Organizaci\u00f3n de Estados Iberoamericanos. Organismo que entre otros temas, aprob\u00f3 la Iniciativa Iberoamericana Sobre los Derechos de las Personas &hellip; <\/p>\n<p class=\"link-more\"><a href=\"https:\/\/conadi.gob.gt\/web\/5524\/\" class=\"more-link\">Leer m\u00e1s<span class=\"screen-reader-text\"> \u00abPresentan Programa Iberoamericano sobre Discapacidad\u00bb<\/span><\/a><\/p>\n","protected":false},"author":7,"featured_media":0,"comment_status":"open","ping_status":"closed","sticky":false,"template":"","format":"standard","meta":{"footnotes":""},"categories":[3],"tags":[],"class_list":["post-5524","post","type-post","status-publish","format-standard","hentry","category-noticias"],"_links":{"self":[{"href":"https:\/\/conadi.gob.gt\/web\/wp-json\/wp\/v2\/posts\/5524","targetHints":{"allow":["GET"]}}],"collection":[{"href":"https:\/\/conadi.gob.gt\/web\/wp-json\/wp\/v2\/posts"}],"about":[{"href":"https:\/\/conadi.gob.gt\/web\/wp-json\/wp\/v2\/types\/post"}],"author":[{"embeddable":true,"href":"https:\/\/conadi.gob.gt\/web\/wp-json\/wp\/v2\/users\/7"}],"replies":[{"embeddable":true,"href":"https:\/\/conadi.gob.gt\/web\/wp-json\/wp\/v2\/comments?post=5524"}],"version-history":[{"count":4,"href":"https:\/\/conadi.gob.gt\/web\/wp-json\/wp\/v2\/posts\/5524\/revisions"}],"predecessor-version":[{"id":5529,"href":"https:\/\/conadi.gob.gt\/web\/wp-json\/wp\/v2\/posts\/5524\/revisions\/5529"}],"wp:attachment":[{"href":"https:\/\/conadi.gob.gt\/web\/wp-json\/wp\/v2\/media?parent=5524"}],"wp:term":[{"taxonomy":"category","embeddable":true,"href":"https:\/\/conadi.gob.gt\/web\/wp-json\/wp\/v2\/categories?post=5524"},{"taxonomy":"post_tag","embeddable":true,"href":"https:\/\/conadi.gob.gt\/web\/wp-json\/wp\/v2\/tags?post=5524"}],"curies":[{"name":"wp","href":"https:\/\/api.w.org\/{rel}","templated":true}]}}