{"id":5564,"date":"2018-12-11T17:40:52","date_gmt":"2018-12-11T17:40:52","guid":{"rendered":"http:\/\/conadi.gob.gt\/web\/?p=5564"},"modified":"2018-12-11T17:54:13","modified_gmt":"2018-12-11T17:54:13","slug":"conmemoran-el-dia-internacional-de-las-personas-con-discapacidad","status":"publish","type":"post","link":"https:\/\/conadi.gob.gt\/web\/conmemoran-el-dia-internacional-de-las-personas-con-discapacidad\/","title":{"rendered":"Conmemoran el D\u00eda Internacional de las Personas con Discapacidad"},"content":{"rendered":"<p>El Consejo Nacional para la Atenci\u00f3n de las Personas con Discapacidad, en el marco del 3 de diciembre, d\u00eda internacional de las personas con discapacidad, llev\u00f3 a cabo diversas actividades. Entre estas destacan, la presentaci\u00f3n del Programa de Discapacidad Iberoamericano, acto realizado dentro de la Cumbre Iberoamericana 2018. En la presentaci\u00f3n particip\u00f3 el rey de Espa\u00f1a, Felipe de Borb\u00f3n, los mandatarios de Ecuador, Len\u00edn Moreno y de Guatemala, Jimmy Morales, la vicepresidenta de Argentina, Gabriela Michetti y las esposas de los mandatarios.<br \/>\nOtro acontecimiento importante fue la presentaci\u00f3n del proyecto de Redise\u00f1o de la Pol\u00edtica Nacional de Discapacidad, instrumento que fue entregado p\u00fablicamente al licenciado, Ram\u00f3n Aguilar, subsecretario de la Secretar\u00eda de Planificaci\u00f3n y Programaci\u00f3n de la Presidencia -SEGEPLAN- y al diputado, Edgar Sandoval, presidente la Comisi\u00f3n de Asuntos sobre Discapacidad del Organismo Legislativo.<br \/>\nEl 3 de diciembre, se realiz\u00f3 el acto solemne del cambio de la rosa de la paz, acto donde se otorg\u00f3 el nombramiento de embajadora de la paz, a Flor de Mar\u00eda Rodr\u00edguez, por su proyecci\u00f3n en la vida art\u00edstica y cultural. En tanto el doctor Mario Luna, recibi\u00f3 un homenaje por el Banco Industrial, entidad que a trav\u00e9s de su jornada c\u00edvica reconoce la trayectoria de personajes destacados. El doctor Luna, fue reconocido por el estudio y tratamiento del Alzheimer, que ha dedicado como presidente de la Asociaci\u00f3n Grupo Ermita.<br \/>\nDentro de este mismo contexto, se firmaron dos convenios de cooperaci\u00f3n interinstitucional, el primero de ellos con la Asociaci\u00f3n de Periodistas de Guatemala, -APG-. Este acuerdo tiene la finalidad de incluir el tema de discapacidad dentro de agenda de la c\u00e1mara referida, desde una perspectiva de derechos humanos. As\u00ed mismo, se firm\u00f3 un convenio con la Academia de Lenguas Mayas de Guatemala. Esta suscripci\u00f3n, contempla la producci\u00f3n de material informativo y educativo con enfoque de pertinencia cultural y discapacidad en idiomas originarios.<br \/>\nOtra de las actividades importantes, fue la presentaci\u00f3n del programa de Atenci\u00f3n Integral a Personas con Discapacidad en el Sistema de Protecci\u00f3n Integral, que busca la desinstitucionalizaci\u00f3n de ni\u00f1os, ni\u00f1as, j\u00f3venes y adolescentes en condici\u00f3n de Discapacidad. El programa fue entregado a la Comisi\u00f3n de Asuntos Sobre Discapacidad del Congreso de la Rep\u00fablica e instancias que conforman el sistema de protecci\u00f3n de la ni\u00f1ez y la adolescencias, representantes de ministerios y secretar\u00edas. Y no pod\u00eda faltar la carrera a paso de campeones, evento que a\u00f1o con a\u00f1o, busca la visibilizaci\u00f3n de las personas con discapacidad en la vida deportiva y recreativa.<br \/>\nA nivel departamental, se inauguraron dos oficinas municipales de discapacidad, una de ellas en Palencia y otra San Antonio la Paz, en el Progreso. Adem\u00e1s, se firm\u00f3 un convenio municipal en los Amates Izabal, con el alcalde Milton Pantale\u00f3n, para incluir la tem\u00e1tica de discapacidad dentro del quehacer de la comuna.  Asimismo, se realizaron bazares de la productividad, en Quetzaltenango, Chiquimula, Pet\u00e9n, Alta Verapaz, Sacatep\u00e9quez. En otros departamentos se organizaron eventos culturales, deportivos, foros, caminatas, rodadas, entre otras acciones. <\/p>\n<figure id=\"attachment_5565\" aria-describedby=\"caption-attachment-5565\" style=\"width: 403px\" class=\"wp-caption aligncenter\"><a href=\"https:\/\/conadi.gob.gt\/web\/wp-content\/uploads\/2018\/12\/Collage-3-dic.jpg\"><img loading=\"lazy\" decoding=\"async\" id=\"longdesc-return-5565\" longdesc=\"https:\/\/conadi.gob.gt\/web?longdesc=5565&#038;referrer=5564\" src=\"https:\/\/conadi.gob.gt\/web\/wp-content\/uploads\/2018\/12\/Collage-3-dic.jpg\" alt=\"Actividades conmemorativas\" width=\"403\" height=\"403\" class=\"size-full wp-image-5565\" srcset=\"https:\/\/conadi.gob.gt\/web\/wp-content\/uploads\/2018\/12\/Collage-3-dic.jpg 403w, https:\/\/conadi.gob.gt\/web\/wp-content\/uploads\/2018\/12\/Collage-3-dic-150x150.jpg 150w, https:\/\/conadi.gob.gt\/web\/wp-content\/uploads\/2018\/12\/Collage-3-dic-300x300.jpg 300w\" sizes=\"auto, (max-width: 403px) 100vw, 403px\" \/><\/a><figcaption id=\"caption-attachment-5565\" class=\"wp-caption-text\">Conmemoraci\u00f3n d\u00eda de las Personas con Discapacidad<\/figcaption><\/figure>\n","protected":false},"excerpt":{"rendered":"<p>El Consejo Nacional para la Atenci\u00f3n de las Personas con Discapacidad, en el marco del 3 de diciembre, d\u00eda internacional de las personas con discapacidad, llev\u00f3 a cabo diversas actividades. Entre estas destacan, la presentaci\u00f3n del Programa de Discapacidad Iberoamericano, acto realizado dentro de la Cumbre Iberoamericana 2018. En la presentaci\u00f3n particip\u00f3 el rey de &hellip; <\/p>\n<p class=\"link-more\"><a href=\"https:\/\/conadi.gob.gt\/web\/conmemoran-el-dia-internacional-de-las-personas-con-discapacidad\/\" class=\"more-link\">Leer m\u00e1s<span class=\"screen-reader-text\"> \u00abConmemoran el D\u00eda Internacional de las Personas con Discapacidad\u00bb<\/span><\/a><\/p>\n","protected":false},"author":7,"featured_media":0,"comment_status":"open","ping_status":"closed","sticky":false,"template":"","format":"standard","meta":{"footnotes":""},"categories":[3],"tags":[],"class_list":["post-5564","post","type-post","status-publish","format-standard","hentry","category-noticias"],"_links":{"self":[{"href":"https:\/\/conadi.gob.gt\/web\/wp-json\/wp\/v2\/posts\/5564","targetHints":{"allow":["GET"]}}],"collection":[{"href":"https:\/\/conadi.gob.gt\/web\/wp-json\/wp\/v2\/posts"}],"about":[{"href":"https:\/\/conadi.gob.gt\/web\/wp-json\/wp\/v2\/types\/post"}],"author":[{"embeddable":true,"href":"https:\/\/conadi.gob.gt\/web\/wp-json\/wp\/v2\/users\/7"}],"replies":[{"embeddable":true,"href":"https:\/\/conadi.gob.gt\/web\/wp-json\/wp\/v2\/comments?post=5564"}],"version-history":[{"count":2,"href":"https:\/\/conadi.gob.gt\/web\/wp-json\/wp\/v2\/posts\/5564\/revisions"}],"predecessor-version":[{"id":5570,"href":"https:\/\/conadi.gob.gt\/web\/wp-json\/wp\/v2\/posts\/5564\/revisions\/5570"}],"wp:attachment":[{"href":"https:\/\/conadi.gob.gt\/web\/wp-json\/wp\/v2\/media?parent=5564"}],"wp:term":[{"taxonomy":"category","embeddable":true,"href":"https:\/\/conadi.gob.gt\/web\/wp-json\/wp\/v2\/categories?post=5564"},{"taxonomy":"post_tag","embeddable":true,"href":"https:\/\/conadi.gob.gt\/web\/wp-json\/wp\/v2\/tags?post=5564"}],"curies":[{"name":"wp","href":"https:\/\/api.w.org\/{rel}","templated":true}]}}