{"id":5567,"date":"2018-12-11T17:48:54","date_gmt":"2018-12-11T17:48:54","guid":{"rendered":"http:\/\/conadi.gob.gt\/web\/?p=5567"},"modified":"2018-12-11T17:48:54","modified_gmt":"2018-12-11T17:48:54","slug":"produciran-informacion-sobre-discapacidad-en-idiomas-originarios","status":"publish","type":"post","link":"https:\/\/conadi.gob.gt\/web\/produciran-informacion-sobre-discapacidad-en-idiomas-originarios\/","title":{"rendered":"Producir\u00e1n informaci\u00f3n sobre discapacidad en idiomas originarios"},"content":{"rendered":"<p>Guatemala, 10 de diciembre de 2018. El Comit\u00e9 de Experto de Naciones Unidas en materia de discapacidad, otorg\u00f3 al Estado de Guatemala en el 2016, una serie de recomendaciones en relaci\u00f3n al cumplimiento de la Convenci\u00f3n sobre los Derechos de las Personas con discapacidad. Dentro de las mismas, recomienda el buen manejo de la imagen de la poblaci\u00f3n con discapacidad y utilizar la terminolog\u00eda id\u00f3nea para referirse al colectivo, alej\u00e1ndose del modelo asistencial\u00edsta.<br \/>\nA la vez, refiere que debe tomarse en cuenta la accesibilidad de la informaci\u00f3n en beneficio de la poblaci\u00f3n con alguna deficiencia. Entre los formatos accesibles que se implementan se encuentran: braille, interprete de lengua de se\u00f1as, software con voz rob\u00f3tica, macrot\u00edpos, audio libros, entre otros mecanismos. Adem\u00e1s, el comit\u00e9 refiere que la accesibilidad trasciende hacia la traducci\u00f3n de los instrumentos de derechos humanos en idiomas originarios.<br \/>\nDe acuerdo a los datos de la Encuesta Nacional en Discapacidad, en el interior del pa\u00eds, es donde se encuentra la mayor poblaci\u00f3n con discapacidad, es decir, la poblaci\u00f3n ind\u00edgena.<br \/>\nEs por ello que el Consejo Nacional para la Atenci\u00f3n de las Personas con Discapacidad -CONADI- y la Academia de Lenguas Mayas de Guatemala \u2013ALMG-, firmaron un convenio de cooperaci\u00f3n interinstitucional, que tiene por objetivo la traducci\u00f3n y divulgaci\u00f3n de productos informativos y educativos con enfoque de pertinencia cultural y discapacidad.<br \/>\nEl convenio fue suscrito por el licenciado, Marcos Joel Santiago Cort\u00e9z, presidente de la ALMG y el sr. Jorge Enrique Yat Max, presidente del CONADI, el 10 de diciembre, d\u00eda marco de los Derechos Humanos.<br \/>\nAmbas instituciones han realizado acciones en conjunto desde el 2016, como la traducci\u00f3n de la Encuesta Nacional en Discapacidad -ENDIS 2016-, en los 4 idiomas mayoritarios de las 22 comunidades ling\u00fc\u00edsticas. En tanto en el 2018, se transcribi\u00f3 la terminolog\u00eda sobre discapacidad en Quich\u00e9, Kakchiquel, Kekchi y Man. En materia de difusi\u00f3n, se produjeron spots en idiomas mayas por motivo de la campa\u00f1a en el marco del censo poblacional y de vivienda, con enfoque de discapacidad, denominado \u201cIdentif\u00edcate\u201d, que fue transmitido en diversas emisoras y redes sociales.<\/p>\n<figure id=\"attachment_5568\" aria-describedby=\"caption-attachment-5568\" style=\"width: 407px\" class=\"wp-caption aligncenter\"><a href=\"https:\/\/conadi.gob.gt\/web\/wp-content\/uploads\/2018\/12\/collage-convenio-almg.jpg\"><img loading=\"lazy\" decoding=\"async\" id=\"longdesc-return-5568\" longdesc=\"https:\/\/conadi.gob.gt\/web?longdesc=5568&#038;referrer=5567\" src=\"https:\/\/conadi.gob.gt\/web\/wp-content\/uploads\/2018\/12\/collage-convenio-almg.jpg\" alt=\"Suscripci\u00f3n de convenio CONADI-ALMG\" width=\"407\" height=\"407\" class=\"size-full wp-image-5568\" srcset=\"https:\/\/conadi.gob.gt\/web\/wp-content\/uploads\/2018\/12\/collage-convenio-almg.jpg 407w, https:\/\/conadi.gob.gt\/web\/wp-content\/uploads\/2018\/12\/collage-convenio-almg-150x150.jpg 150w, https:\/\/conadi.gob.gt\/web\/wp-content\/uploads\/2018\/12\/collage-convenio-almg-300x300.jpg 300w\" sizes=\"auto, (max-width: 407px) 100vw, 407px\" \/><\/a><figcaption id=\"caption-attachment-5568\" class=\"wp-caption-text\">Convenio ALMG-CONADI<\/figcaption><\/figure>\n","protected":false},"excerpt":{"rendered":"<p>Guatemala, 10 de diciembre de 2018. El Comit\u00e9 de Experto de Naciones Unidas en materia de discapacidad, otorg\u00f3 al Estado de Guatemala en el 2016, una serie de recomendaciones en relaci\u00f3n al cumplimiento de la Convenci\u00f3n sobre los Derechos de las Personas con discapacidad. Dentro de las mismas, recomienda el buen manejo de la imagen &hellip; <\/p>\n<p class=\"link-more\"><a href=\"https:\/\/conadi.gob.gt\/web\/produciran-informacion-sobre-discapacidad-en-idiomas-originarios\/\" class=\"more-link\">Leer m\u00e1s<span class=\"screen-reader-text\"> \u00abProducir\u00e1n informaci\u00f3n sobre discapacidad en idiomas originarios\u00bb<\/span><\/a><\/p>\n","protected":false},"author":7,"featured_media":0,"comment_status":"open","ping_status":"closed","sticky":false,"template":"","format":"standard","meta":{"footnotes":""},"categories":[3],"tags":[],"class_list":["post-5567","post","type-post","status-publish","format-standard","hentry","category-noticias"],"_links":{"self":[{"href":"https:\/\/conadi.gob.gt\/web\/wp-json\/wp\/v2\/posts\/5567","targetHints":{"allow":["GET"]}}],"collection":[{"href":"https:\/\/conadi.gob.gt\/web\/wp-json\/wp\/v2\/posts"}],"about":[{"href":"https:\/\/conadi.gob.gt\/web\/wp-json\/wp\/v2\/types\/post"}],"author":[{"embeddable":true,"href":"https:\/\/conadi.gob.gt\/web\/wp-json\/wp\/v2\/users\/7"}],"replies":[{"embeddable":true,"href":"https:\/\/conadi.gob.gt\/web\/wp-json\/wp\/v2\/comments?post=5567"}],"version-history":[{"count":1,"href":"https:\/\/conadi.gob.gt\/web\/wp-json\/wp\/v2\/posts\/5567\/revisions"}],"predecessor-version":[{"id":5569,"href":"https:\/\/conadi.gob.gt\/web\/wp-json\/wp\/v2\/posts\/5567\/revisions\/5569"}],"wp:attachment":[{"href":"https:\/\/conadi.gob.gt\/web\/wp-json\/wp\/v2\/media?parent=5567"}],"wp:term":[{"taxonomy":"category","embeddable":true,"href":"https:\/\/conadi.gob.gt\/web\/wp-json\/wp\/v2\/categories?post=5567"},{"taxonomy":"post_tag","embeddable":true,"href":"https:\/\/conadi.gob.gt\/web\/wp-json\/wp\/v2\/tags?post=5567"}],"curies":[{"name":"wp","href":"https:\/\/api.w.org\/{rel}","templated":true}]}}