{"id":5571,"date":"2018-12-18T21:03:43","date_gmt":"2018-12-18T21:03:43","guid":{"rendered":"http:\/\/conadi.gob.gt\/web\/?p=5571"},"modified":"2018-12-18T21:07:23","modified_gmt":"2018-12-18T21:07:23","slug":"poblacion-con-discapacidad-incluida-en-planes-de-seguridad-alimentaria","status":"publish","type":"post","link":"https:\/\/conadi.gob.gt\/web\/poblacion-con-discapacidad-incluida-en-planes-de-seguridad-alimentaria\/","title":{"rendered":"Poblaci\u00f3n con discapacidad es incluida en planes de seguridad alimentaria"},"content":{"rendered":"<p>La Secretaria de Seguridad Alimentaria y Nutricional -SESAN- y el Consejo Nacional para la Atenci\u00f3n de las Personas con Discapacidad -CONADI-, suscribieron un convenio de cooperaci\u00f3n interinstitucional el 18 de diciembre de 2018. El acuerdo fue firmado por Juan Carlos Car\u00edas, titutlar de la SESAN y Jorge Yat Max, presidente del CONADI, dicho convenio tendr\u00e1 una periodicidad de dos a\u00f1os.<\/p>\n<p>El convenio tienen el objetivo de identificar a la poblaci\u00f3n comprendida por ni\u00f1os menores de cinco a\u00f1os con discapacidad que presentan riesgo nutricional y garantizar el reporte de casos para atenci\u00f3n e intervenci\u00f3n especializada.Siendo la poblaci\u00f3n objetivo ni\u00f1os con desnutrici\u00f3n aguda y familias de inseguridad alimentaria a nivel nacional en los \u00e1mbitos departamental, municipal y local.<br \/>\nLa SESAN, incluir\u00e1 en las boletas de monitoreo el componente de detecci\u00f3n de personas en situaci\u00f3n de discapacidad con alg\u00fan riesgo nutricional, generar\u00e1 informaci\u00f3n sobre la situaci\u00f3n de discapacidad detectada en los monitoreos realizados por la Secretar\u00eda, adem\u00e1s dispondr\u00e1 de un equipo t\u00e9cnico y personal de enlace para brindar seguimiento y ejecuci\u00f3n al convenio suscrito.<br \/>\nEl CONADI, conformar\u00e1 un equipo para el seguimiento y ejecuci\u00f3n de las acciones dirigidas a la poblaci\u00f3n de ni\u00f1os y ni\u00f1as menores de cinco a\u00f1os con discapacidad en condiciones de desnutrici\u00f3n y dar acompa\u00f1amiento en la formulaci\u00f3n de las herramientas de car\u00e1cter t\u00e9cnico para la inclusi\u00f3n del componente de detecci\u00f3n de personas en condici\u00f3n de discapacidad con alg\u00fan riesgo nutricional.<br \/>\nAmbas instituciones generar\u00e1n un informe anual de monitoreo del componente de detecci\u00f3n de personas en situaci\u00f3n de discapacidad con alg\u00fan riesgo nutricional, as\u00ed como un cronograma de trabajo para seguimiento de monitoreo.<\/p>\n<figure id=\"attachment_5572\" aria-describedby=\"caption-attachment-5572\" style=\"width: 407px\" class=\"wp-caption aligncenter\"><a href=\"https:\/\/conadi.gob.gt\/web\/wp-content\/uploads\/2018\/12\/collage-firma-convenio-sesan.jpg\"><img loading=\"lazy\" decoding=\"async\" id=\"longdesc-return-5572\" longdesc=\"https:\/\/conadi.gob.gt\/web?longdesc=5572&#038;referrer=5571\" src=\"https:\/\/conadi.gob.gt\/web\/wp-content\/uploads\/2018\/12\/collage-firma-convenio-sesan.jpg\" alt=\"Suscripci\u00f3n CONADI-SESAN\" width=\"407\" height=\"407\" class=\"size-full wp-image-5572\" srcset=\"https:\/\/conadi.gob.gt\/web\/wp-content\/uploads\/2018\/12\/collage-firma-convenio-sesan.jpg 407w, https:\/\/conadi.gob.gt\/web\/wp-content\/uploads\/2018\/12\/collage-firma-convenio-sesan-150x150.jpg 150w, https:\/\/conadi.gob.gt\/web\/wp-content\/uploads\/2018\/12\/collage-firma-convenio-sesan-300x300.jpg 300w\" sizes=\"auto, (max-width: 407px) 100vw, 407px\" \/><\/a><figcaption id=\"caption-attachment-5572\" class=\"wp-caption-text\">Convenio SESAN-CONADI<\/figcaption><\/figure>\n","protected":false},"excerpt":{"rendered":"<p>La Secretaria de Seguridad Alimentaria y Nutricional -SESAN- y el Consejo Nacional para la Atenci\u00f3n de las Personas con Discapacidad -CONADI-, suscribieron un convenio de cooperaci\u00f3n interinstitucional el 18 de diciembre de 2018. El acuerdo fue firmado por Juan Carlos Car\u00edas, titutlar de la SESAN y Jorge Yat Max, presidente del CONADI, dicho convenio tendr\u00e1 &hellip; <\/p>\n<p class=\"link-more\"><a href=\"https:\/\/conadi.gob.gt\/web\/poblacion-con-discapacidad-incluida-en-planes-de-seguridad-alimentaria\/\" class=\"more-link\">Leer m\u00e1s<span class=\"screen-reader-text\"> \u00abPoblaci\u00f3n con discapacidad es incluida en planes de seguridad alimentaria\u00bb<\/span><\/a><\/p>\n","protected":false},"author":7,"featured_media":0,"comment_status":"open","ping_status":"closed","sticky":false,"template":"","format":"standard","meta":{"footnotes":""},"categories":[3],"tags":[],"class_list":["post-5571","post","type-post","status-publish","format-standard","hentry","category-noticias"],"_links":{"self":[{"href":"https:\/\/conadi.gob.gt\/web\/wp-json\/wp\/v2\/posts\/5571","targetHints":{"allow":["GET"]}}],"collection":[{"href":"https:\/\/conadi.gob.gt\/web\/wp-json\/wp\/v2\/posts"}],"about":[{"href":"https:\/\/conadi.gob.gt\/web\/wp-json\/wp\/v2\/types\/post"}],"author":[{"embeddable":true,"href":"https:\/\/conadi.gob.gt\/web\/wp-json\/wp\/v2\/users\/7"}],"replies":[{"embeddable":true,"href":"https:\/\/conadi.gob.gt\/web\/wp-json\/wp\/v2\/comments?post=5571"}],"version-history":[{"count":2,"href":"https:\/\/conadi.gob.gt\/web\/wp-json\/wp\/v2\/posts\/5571\/revisions"}],"predecessor-version":[{"id":5574,"href":"https:\/\/conadi.gob.gt\/web\/wp-json\/wp\/v2\/posts\/5571\/revisions\/5574"}],"wp:attachment":[{"href":"https:\/\/conadi.gob.gt\/web\/wp-json\/wp\/v2\/media?parent=5571"}],"wp:term":[{"taxonomy":"category","embeddable":true,"href":"https:\/\/conadi.gob.gt\/web\/wp-json\/wp\/v2\/categories?post=5571"},{"taxonomy":"post_tag","embeddable":true,"href":"https:\/\/conadi.gob.gt\/web\/wp-json\/wp\/v2\/tags?post=5571"}],"curies":[{"name":"wp","href":"https:\/\/api.w.org\/{rel}","templated":true}]}}