{"id":5586,"date":"2019-01-08T14:43:37","date_gmt":"2019-01-08T14:43:37","guid":{"rendered":"http:\/\/conadi.gob.gt\/web\/?p=5586"},"modified":"2019-01-08T16:22:05","modified_gmt":"2019-01-08T16:22:05","slug":"nuevas-autoridades-del-conadi-toman-posesion-para-el-periodo-2019-2021","status":"publish","type":"post","link":"https:\/\/conadi.gob.gt\/web\/nuevas-autoridades-del-conadi-toman-posesion-para-el-periodo-2019-2021\/","title":{"rendered":"Nuevas autoridades del CONADI toman posesi\u00f3n para el periodo 2019-2021"},"content":{"rendered":"<p>El Consejo Nacional para la Atenci\u00f3n de las Personas con Discapacidad (CONADI), celebr\u00f3 el 7 de enero de 2019, la juramentaci\u00f3n y toma de posesi\u00f3n de las autoridades que integran el concejo de delegados y la junta directiva para el periodo 2019-2021.<\/p>\n<p>La doctora, Rosa Idalia Aldana, delegada de la Universidad de San Carlos de Guatemala, desempe\u00f1ar\u00e1 la presidencia durante referido periodo. El licenciado Miguel Antonio Mart\u00ednez, delegado de la Secretar\u00eda de Bienestar Social, ocupa el cargo de vicepresidente; la licenciada Arleni Soto se desempe\u00f1ar\u00e1 como secretaria y representa al sub sector de organizaciones que promueven acciones a favor de las personas con discapacidad. El catedr\u00e1tico Juan Francisco Sipaque, fungir\u00e1 como tesorero, representa al sub sector de personas con discapacidad por causa del conflicto armado y la se\u00f1ora Florinda Jerez de M\u00e9ndez, del subsector de personas con discapacidad auditiva tiene el cargo de vocal.<\/p>\n<p>Dentro del discurso de las nuevas autoridades, sobresale el fortalecimiento de las organizaciones de personas con discapacidad y darle seguimiento a las recomendaciones de pa\u00eds otorgadas por Naciones Unidas. Adem\u00e1s, continuar los procesos legislativos y la implementaci\u00f3n de planes de apoyo hacia la poblaci\u00f3n con discapacidad en situaci\u00f3n de abrigo, seg\u00fan las orientaciones de la Convenci\u00f3n Sobre los Derechos de las Personas con Discapacidad.<\/p>\n<p>De acuerdo a la doctora Aldana, por ser el 2019 un a\u00f1o electoral, deber\u00e1 trabajarse para garantizar la participaci\u00f3n de la poblaci\u00f3n con discapacidad en el proceso de elecci\u00f3n y a la vez que los requerimientos y necesidades del colectivo sean incluidos en la formulaci\u00f3n de planes de gobierno.<\/p>\n<p>Esta directiva se desempe\u00f1ar\u00e1 por dos a\u00f1os y es la d\u00e9cima primera junta que toma posesi\u00f3n en el CONADI desde su creaci\u00f3n mediante decreto 135-96.<\/p>\n<p>El CONADI, es el ente coordinador, asesor e impulsor que incide en la aplicaci\u00f3n de pol\u00edticas generales y de Estado, para asegurar el cumplimiento de derechos y libertades fundamentales de las personas con discapacidad de Guatemala.<\/p>\n<p>Las acciones realizadas por el Consejo, tienen el objetivo de favorecer a una poblaci\u00f3n con discapacidad constituida, seg\u00fan datos de la Encuesta de Discapacidad 2016, por un mill\u00f3n seiscientas mil personas.<\/p>\n<p>&nbsp;<\/p>\n<figure id=\"attachment_5593\" aria-describedby=\"caption-attachment-5593\" style=\"width: 907px\" class=\"wp-caption aligncenter\"><a href=\"https:\/\/conadi.gob.gt\/web\/wp-content\/uploads\/2019\/01\/Collage-1-toma-posesion-2019-2021.jpg\"><img loading=\"lazy\" decoding=\"async\" id=\"longdesc-return-5593\" class=\"size-full wp-image-5593\" src=\"https:\/\/conadi.gob.gt\/web\/wp-content\/uploads\/2019\/01\/Collage-1-toma-posesion-2019-2021.jpg\" alt=\"Junta directiva 2019-2021\" width=\"907\" height=\"907\" longdesc=\"https:\/\/conadi.gob.gt\/web?longdesc=5593&amp;referrer=5586\" srcset=\"https:\/\/conadi.gob.gt\/web\/wp-content\/uploads\/2019\/01\/Collage-1-toma-posesion-2019-2021.jpg 907w, https:\/\/conadi.gob.gt\/web\/wp-content\/uploads\/2019\/01\/Collage-1-toma-posesion-2019-2021-150x150.jpg 150w, https:\/\/conadi.gob.gt\/web\/wp-content\/uploads\/2019\/01\/Collage-1-toma-posesion-2019-2021-300x300.jpg 300w, https:\/\/conadi.gob.gt\/web\/wp-content\/uploads\/2019\/01\/Collage-1-toma-posesion-2019-2021-768x768.jpg 768w\" sizes=\"auto, (max-width: 907px) 100vw, 907px\" \/><\/a><figcaption id=\"caption-attachment-5593\" class=\"wp-caption-text\">Toma de posesi\u00f3n junta directiva del CONADI<\/figcaption><\/figure>\n","protected":false},"excerpt":{"rendered":"<p>El Consejo Nacional para la Atenci\u00f3n de las Personas con Discapacidad (CONADI), celebr\u00f3 el 7 de enero de 2019, la juramentaci\u00f3n y toma de posesi\u00f3n de las autoridades que integran el concejo de delegados y la junta directiva para el periodo 2019-2021. La doctora, Rosa Idalia Aldana, delegada de la Universidad de San Carlos de &hellip; <\/p>\n<p class=\"link-more\"><a href=\"https:\/\/conadi.gob.gt\/web\/nuevas-autoridades-del-conadi-toman-posesion-para-el-periodo-2019-2021\/\" class=\"more-link\">Leer m\u00e1s<span class=\"screen-reader-text\"> \u00abNuevas autoridades del CONADI toman posesi\u00f3n para el periodo 2019-2021\u00bb<\/span><\/a><\/p>\n","protected":false},"author":7,"featured_media":0,"comment_status":"open","ping_status":"closed","sticky":false,"template":"","format":"standard","meta":{"footnotes":""},"categories":[3],"tags":[],"class_list":["post-5586","post","type-post","status-publish","format-standard","hentry","category-noticias"],"_links":{"self":[{"href":"https:\/\/conadi.gob.gt\/web\/wp-json\/wp\/v2\/posts\/5586","targetHints":{"allow":["GET"]}}],"collection":[{"href":"https:\/\/conadi.gob.gt\/web\/wp-json\/wp\/v2\/posts"}],"about":[{"href":"https:\/\/conadi.gob.gt\/web\/wp-json\/wp\/v2\/types\/post"}],"author":[{"embeddable":true,"href":"https:\/\/conadi.gob.gt\/web\/wp-json\/wp\/v2\/users\/7"}],"replies":[{"embeddable":true,"href":"https:\/\/conadi.gob.gt\/web\/wp-json\/wp\/v2\/comments?post=5586"}],"version-history":[{"count":7,"href":"https:\/\/conadi.gob.gt\/web\/wp-json\/wp\/v2\/posts\/5586\/revisions"}],"predecessor-version":[{"id":5595,"href":"https:\/\/conadi.gob.gt\/web\/wp-json\/wp\/v2\/posts\/5586\/revisions\/5595"}],"wp:attachment":[{"href":"https:\/\/conadi.gob.gt\/web\/wp-json\/wp\/v2\/media?parent=5586"}],"wp:term":[{"taxonomy":"category","embeddable":true,"href":"https:\/\/conadi.gob.gt\/web\/wp-json\/wp\/v2\/categories?post=5586"},{"taxonomy":"post_tag","embeddable":true,"href":"https:\/\/conadi.gob.gt\/web\/wp-json\/wp\/v2\/tags?post=5586"}],"curies":[{"name":"wp","href":"https:\/\/api.w.org\/{rel}","templated":true}]}}