{"id":5631,"date":"2019-03-08T22:33:21","date_gmt":"2019-03-08T22:33:21","guid":{"rendered":"http:\/\/conadi.gob.gt\/web\/?p=5631"},"modified":"2019-03-08T22:41:40","modified_gmt":"2019-03-08T22:41:40","slug":"dignificacion-de-la-mujer-en-su-dia-marco","status":"publish","type":"post","link":"https:\/\/conadi.gob.gt\/web\/dignificacion-de-la-mujer-en-su-dia-marco\/","title":{"rendered":"Dignificaci\u00f3n para las mujeres con discapacidad en su d\u00eda marco"},"content":{"rendered":"<p><strong>Guatemala, 8 de marzo de 2019<\/strong><strong>.<\/strong> \u00a0El 8 de marzo fue adoptado como el D\u00eda Internacional de la Mujer, en honor a un grupo de mujeres que dieron su vida por el respeto a sus derechos. A m\u00e1s de un siglo de este acontecimiento, se siguen observando actos discriminatorios y malos tratos hacia la mujer.<\/p>\n<p>Estas adversidades se generan desde sociedades donde a la mujer se le\u00a0 asignan espacios secundarios de participaci\u00f3n social y sin toma de decisiones. Resultado de estereotipos que derivan en la marginaci\u00f3n y discriminaci\u00f3n de la mujer, con repercusiones en el desarrollo humano en general. Un fen\u00f3meno que se marca en mayor grado si adem\u00e1s de ser mujer, se pertenece a grupos vulnerables de poblaci\u00f3n.<\/p>\n<p>Tal es el caso de la mujer con discapacidad, quien se ve mucho m\u00e1s restringida de toda oportunidad de participaci\u00f3n y por ende, de desarrollo. Situaci\u00f3n que agrava cuando adem\u00e1s de la condici\u00f3n de mujer con discapacidad se es ind\u00edgena, persona mayor o ni\u00f1a.\u00a0 Ello hace que ser mujer sea una desventaja ante cualquier grupo de la sociedad, sin alternativas de apoyo de su entorno.<\/p>\n<p>En el a\u00f1o 2016, el CONADI con el apoyo de CBM Internacional, UNICEF y la Universidad de Medicina Tropical de Londres realiz\u00f3 la segunda encuesta\u00a0 de discapacidad. Los resultados obtenidos, generan datos que deben orientar toda pol\u00edtica p\u00fablica de desarrollo humano. Estas pol\u00edticas, deben incluir a la mujer con discapacidad y establecer metas en funci\u00f3n de sus aspiraciones, necesidades y demandas.<\/p>\n<p>La encuesta indica que el 51% de las personas con discapacidad son mujeres, las que tienen menos posibilidades de gozar de los servicios p\u00fablicos. En la mayor\u00eda de \u00e9stos, pr\u00e1cticamente el acceso es extremadamente limitado.<\/p>\n<p>En tanto, el Comit\u00e9 de Expertos de Naciones Unidas en materia de discapacidad, expresan su preocupaci\u00f3n hacia Guatemala, por la falta en el abordaje de los derechos humanos de las mujeres y ni\u00f1as con discapacidad, respecto a prevenir y combatir las pr\u00e1cticas y actitudes discriminatorias en contra de las mujeres y ni\u00f1as con discapacidad.<\/p>\n<p>Atendiendo a esta y otras recomendaciones se ha realizado un trabajo en conjunto, entre el Consejo Nacional para la Atenci\u00f3n de las Personas con Discapacidad -CONADI- y la Secretar\u00eda Presidencial de la Mujer -SEPREM-\u00a0 y se logr\u00f3 incluir el tema de la situaci\u00f3n actual de la mujer con discapacidad en la Agenda Estrat\u00e9gica en el 2017-2033.<\/p>\n<p>Las acciones que motivaron el establecimiento de este d\u00eda marco, \u00a0est\u00e1n acordes a las orientaciones \u00a0de la Convenci\u00f3n sobre los Derechos de las personas con Discapacidad. Instrumento que\u00a0 hace el llamado a luchar contra los estereotipos, prejuicios y las pr\u00e1cticas nocivas respecto de las personas con discapacidad incluidas las que se basan en g\u00e9nero o edad y en todos los \u00e1mbitos de la vida.<\/p>\n<p>&nbsp;<\/p>\n<figure id=\"attachment_5632\" aria-describedby=\"caption-attachment-5632\" style=\"width: 407px\" class=\"wp-caption aligncenter\"><a href=\"https:\/\/conadi.gob.gt\/web\/wp-content\/uploads\/2019\/03\/collage-mujer-y-discapacidad-2019.jpg\"><img loading=\"lazy\" decoding=\"async\" id=\"longdesc-return-5632\" class=\"size-full wp-image-5632\" src=\"https:\/\/conadi.gob.gt\/web\/wp-content\/uploads\/2019\/03\/collage-mujer-y-discapacidad-2019.jpg\" alt=\"Conferencia en el marco del d\u00eda de la mujer\" width=\"407\" height=\"407\" longdesc=\"https:\/\/conadi.gob.gt\/web?longdesc=5632&amp;referrer=5631\" srcset=\"https:\/\/conadi.gob.gt\/web\/wp-content\/uploads\/2019\/03\/collage-mujer-y-discapacidad-2019.jpg 407w, https:\/\/conadi.gob.gt\/web\/wp-content\/uploads\/2019\/03\/collage-mujer-y-discapacidad-2019-150x150.jpg 150w, https:\/\/conadi.gob.gt\/web\/wp-content\/uploads\/2019\/03\/collage-mujer-y-discapacidad-2019-300x300.jpg 300w\" sizes=\"auto, (max-width: 407px) 100vw, 407px\" \/><\/a><figcaption id=\"caption-attachment-5632\" class=\"wp-caption-text\">Mujer y discapacidad<\/figcaption><\/figure>\n","protected":false},"excerpt":{"rendered":"<p>Guatemala, 8 de marzo de 2019. \u00a0El 8 de marzo fue adoptado como el D\u00eda Internacional de la Mujer, en honor a un grupo de mujeres que dieron su vida por el respeto a sus derechos. A m\u00e1s de un siglo de este acontecimiento, se siguen observando actos discriminatorios y malos tratos hacia la mujer. &hellip; <\/p>\n<p class=\"link-more\"><a href=\"https:\/\/conadi.gob.gt\/web\/dignificacion-de-la-mujer-en-su-dia-marco\/\" class=\"more-link\">Leer m\u00e1s<span class=\"screen-reader-text\"> \u00abDignificaci\u00f3n para las mujeres con discapacidad en su d\u00eda marco\u00bb<\/span><\/a><\/p>\n","protected":false},"author":7,"featured_media":0,"comment_status":"open","ping_status":"closed","sticky":false,"template":"","format":"standard","meta":{"footnotes":""},"categories":[3],"tags":[],"class_list":["post-5631","post","type-post","status-publish","format-standard","hentry","category-noticias"],"_links":{"self":[{"href":"https:\/\/conadi.gob.gt\/web\/wp-json\/wp\/v2\/posts\/5631","targetHints":{"allow":["GET"]}}],"collection":[{"href":"https:\/\/conadi.gob.gt\/web\/wp-json\/wp\/v2\/posts"}],"about":[{"href":"https:\/\/conadi.gob.gt\/web\/wp-json\/wp\/v2\/types\/post"}],"author":[{"embeddable":true,"href":"https:\/\/conadi.gob.gt\/web\/wp-json\/wp\/v2\/users\/7"}],"replies":[{"embeddable":true,"href":"https:\/\/conadi.gob.gt\/web\/wp-json\/wp\/v2\/comments?post=5631"}],"version-history":[{"count":3,"href":"https:\/\/conadi.gob.gt\/web\/wp-json\/wp\/v2\/posts\/5631\/revisions"}],"predecessor-version":[{"id":5635,"href":"https:\/\/conadi.gob.gt\/web\/wp-json\/wp\/v2\/posts\/5631\/revisions\/5635"}],"wp:attachment":[{"href":"https:\/\/conadi.gob.gt\/web\/wp-json\/wp\/v2\/media?parent=5631"}],"wp:term":[{"taxonomy":"category","embeddable":true,"href":"https:\/\/conadi.gob.gt\/web\/wp-json\/wp\/v2\/categories?post=5631"},{"taxonomy":"post_tag","embeddable":true,"href":"https:\/\/conadi.gob.gt\/web\/wp-json\/wp\/v2\/tags?post=5631"}],"curies":[{"name":"wp","href":"https:\/\/api.w.org\/{rel}","templated":true}]}}