{"id":5637,"date":"2019-03-18T15:53:09","date_gmt":"2019-03-18T15:53:09","guid":{"rendered":"http:\/\/conadi.gob.gt\/web\/?p=5637"},"modified":"2019-03-18T15:58:05","modified_gmt":"2019-03-18T15:58:05","slug":"impulsan-la-inclusion-laboral-de-personas-con-discapacidad-en-la-institucionalidad-publica","status":"publish","type":"post","link":"https:\/\/conadi.gob.gt\/web\/impulsan-la-inclusion-laboral-de-personas-con-discapacidad-en-la-institucionalidad-publica\/","title":{"rendered":"Impulsan la inclusi\u00f3n laboral de personas con discapacidad en la institucionalidad p\u00fablica"},"content":{"rendered":"<p>El Consejo Nacional para la Atenci\u00f3n de las Personas con Discapacidad -CONADI- en coordinaci\u00f3n con el Ministerio de Trabajo y Previsi\u00f3n Social -MINTRAB-, convocaron a directores de Recursos Humanos de instituciones de gobierno para abordar la propuesta de \u00abPasant\u00edas para la inclusi\u00f3n laboral de personas con discapacidad\u00bb.<\/p>\n<p>El objetivo de este encuentro, fue que entes gubernamentales implementen este programa y ubiquen plazas laborales para personas con discapacidad en diferentes \u00e1reas. En la actividad particip\u00f3 la Dra. Rosa Idalia Aldana, presidente del CONADI; el ministro de trabajo, Gabriel Aguilera; el viceministro de previsi\u00f3n Social y empleo, Geovany Noriega; el viceministro de Ambiente y Recursos Naturales, Ottoniel Barrios, el director de la secci\u00f3n de discpacidad de COPREDEH, Manuel Morales y directores de recursos humanos de instituciones p\u00fablicas.<\/p>\n<p>En tanto autoridades del MINTRAB, expusieron sobre las \u00abPasant\u00edas para la Inclusi\u00f3n Laboral de Personas con Discapacidad\u00bb.\u00a0 Este programa\u00a0se implement\u00f3 en el 2017 y, a la fecha, 27 personas con alguna discapacidad han participado. En la actualidad, siete personas se encuentran culminando una pasant\u00eda en la cartera laboral, de las cuales 2 tienen el S\u00edndrome de Asperger, 2 el S\u00edndrome de Down y 3 presentan alguna deficiencia intelectual.<\/p>\n<p>&nbsp;<\/p>\n<figure id=\"attachment_5638\" aria-describedby=\"caption-attachment-5638\" style=\"width: 407px\" class=\"wp-caption aligncenter\"><a href=\"https:\/\/conadi.gob.gt\/web\/wp-content\/uploads\/2019\/03\/Collage-trabajo.jpg\"><img loading=\"lazy\" decoding=\"async\" id=\"longdesc-return-5638\" class=\"size-full wp-image-5638\" src=\"https:\/\/conadi.gob.gt\/web\/wp-content\/uploads\/2019\/03\/Collage-trabajo.jpg\" alt=\"Inclusi\u00f3n laboral\" width=\"407\" height=\"407\" longdesc=\"https:\/\/conadi.gob.gt\/web?longdesc=5638&amp;referrer=5637\" srcset=\"https:\/\/conadi.gob.gt\/web\/wp-content\/uploads\/2019\/03\/Collage-trabajo.jpg 407w, https:\/\/conadi.gob.gt\/web\/wp-content\/uploads\/2019\/03\/Collage-trabajo-150x150.jpg 150w, https:\/\/conadi.gob.gt\/web\/wp-content\/uploads\/2019\/03\/Collage-trabajo-300x300.jpg 300w\" sizes=\"auto, (max-width: 407px) 100vw, 407px\" \/><\/a><figcaption id=\"caption-attachment-5638\" class=\"wp-caption-text\">Actividad sobre inclusi\u00f3n laboral presentada ante directores de recursos humanos de instituciones de gobierno<\/figcaption><\/figure>\n","protected":false},"excerpt":{"rendered":"<p>El Consejo Nacional para la Atenci\u00f3n de las Personas con Discapacidad -CONADI- en coordinaci\u00f3n con el Ministerio de Trabajo y Previsi\u00f3n Social -MINTRAB-, convocaron a directores de Recursos Humanos de instituciones de gobierno para abordar la propuesta de \u00abPasant\u00edas para la inclusi\u00f3n laboral de personas con discapacidad\u00bb. El objetivo de este encuentro, fue que entes &hellip; <\/p>\n<p class=\"link-more\"><a href=\"https:\/\/conadi.gob.gt\/web\/impulsan-la-inclusion-laboral-de-personas-con-discapacidad-en-la-institucionalidad-publica\/\" class=\"more-link\">Leer m\u00e1s<span class=\"screen-reader-text\"> \u00abImpulsan la inclusi\u00f3n laboral de personas con discapacidad en la institucionalidad p\u00fablica\u00bb<\/span><\/a><\/p>\n","protected":false},"author":7,"featured_media":0,"comment_status":"open","ping_status":"closed","sticky":false,"template":"","format":"standard","meta":{"footnotes":""},"categories":[3],"tags":[],"class_list":["post-5637","post","type-post","status-publish","format-standard","hentry","category-noticias"],"_links":{"self":[{"href":"https:\/\/conadi.gob.gt\/web\/wp-json\/wp\/v2\/posts\/5637","targetHints":{"allow":["GET"]}}],"collection":[{"href":"https:\/\/conadi.gob.gt\/web\/wp-json\/wp\/v2\/posts"}],"about":[{"href":"https:\/\/conadi.gob.gt\/web\/wp-json\/wp\/v2\/types\/post"}],"author":[{"embeddable":true,"href":"https:\/\/conadi.gob.gt\/web\/wp-json\/wp\/v2\/users\/7"}],"replies":[{"embeddable":true,"href":"https:\/\/conadi.gob.gt\/web\/wp-json\/wp\/v2\/comments?post=5637"}],"version-history":[{"count":2,"href":"https:\/\/conadi.gob.gt\/web\/wp-json\/wp\/v2\/posts\/5637\/revisions"}],"predecessor-version":[{"id":5640,"href":"https:\/\/conadi.gob.gt\/web\/wp-json\/wp\/v2\/posts\/5637\/revisions\/5640"}],"wp:attachment":[{"href":"https:\/\/conadi.gob.gt\/web\/wp-json\/wp\/v2\/media?parent=5637"}],"wp:term":[{"taxonomy":"category","embeddable":true,"href":"https:\/\/conadi.gob.gt\/web\/wp-json\/wp\/v2\/categories?post=5637"},{"taxonomy":"post_tag","embeddable":true,"href":"https:\/\/conadi.gob.gt\/web\/wp-json\/wp\/v2\/tags?post=5637"}],"curies":[{"name":"wp","href":"https:\/\/api.w.org\/{rel}","templated":true}]}}