{"id":5690,"date":"2019-05-10T15:26:55","date_gmt":"2019-05-10T15:26:55","guid":{"rendered":"http:\/\/conadi.gob.gt\/web\/?p=5690"},"modified":"2019-05-10T15:26:55","modified_gmt":"2019-05-10T15:26:55","slug":"taller-sobre-la-conceptualizacion-de-discapacidad","status":"publish","type":"post","link":"https:\/\/conadi.gob.gt\/web\/taller-sobre-la-conceptualizacion-de-discapacidad\/","title":{"rendered":"Taller sobre la conceptualizaci\u00f3n de discapacidad"},"content":{"rendered":"<p>En las instalaciones de la municipalidad de la cabecera de Zacapa, se llev\u00f3 a cabo un taller sobre la conceptualizaci\u00f3 de discapacidad, paradigmas y tipos de discapacidad. Dicho taller fue brindado al personal que estar\u00e1 a cargo de la Oficina Municipal de Discapacidad -OMD-, que se estar\u00e1 aperturando pr\u00f3ximamente.<\/p>\n<p>&nbsp;<\/p>\n<p><a href=\"https:\/\/conadi.gob.gt\/web\/wp-content\/uploads\/2019\/05\/que-es-paradigma.jpg\"><img loading=\"lazy\" decoding=\"async\" class=\"alignnone size-medium wp-image-5691\" src=\"https:\/\/conadi.gob.gt\/web\/wp-content\/uploads\/2019\/05\/que-es-paradigma-300x225.jpg\" alt=\"\" width=\"300\" height=\"225\" srcset=\"https:\/\/conadi.gob.gt\/web\/wp-content\/uploads\/2019\/05\/que-es-paradigma-300x225.jpg 300w, https:\/\/conadi.gob.gt\/web\/wp-content\/uploads\/2019\/05\/que-es-paradigma-768x576.jpg 768w, https:\/\/conadi.gob.gt\/web\/wp-content\/uploads\/2019\/05\/que-es-paradigma-45x35.jpg 45w, https:\/\/conadi.gob.gt\/web\/wp-content\/uploads\/2019\/05\/que-es-paradigma.jpg 960w\" sizes=\"auto, (max-width: 300px) 100vw, 300px\" \/><\/a><\/p>\n","protected":false},"excerpt":{"rendered":"<p>En las instalaciones de la municipalidad de la cabecera de Zacapa, se llev\u00f3 a cabo un taller sobre la conceptualizaci\u00f3 de discapacidad, paradigmas y tipos de discapacidad. Dicho taller fue brindado al personal que estar\u00e1 a cargo de la Oficina Municipal de Discapacidad -OMD-, que se estar\u00e1 aperturando pr\u00f3ximamente. &nbsp;<\/p>\n","protected":false},"author":7,"featured_media":5691,"comment_status":"open","ping_status":"closed","sticky":false,"template":"","format":"standard","meta":{"footnotes":""},"categories":[3],"tags":[],"class_list":["post-5690","post","type-post","status-publish","format-standard","has-post-thumbnail","hentry","category-noticias"],"_links":{"self":[{"href":"https:\/\/conadi.gob.gt\/web\/wp-json\/wp\/v2\/posts\/5690","targetHints":{"allow":["GET"]}}],"collection":[{"href":"https:\/\/conadi.gob.gt\/web\/wp-json\/wp\/v2\/posts"}],"about":[{"href":"https:\/\/conadi.gob.gt\/web\/wp-json\/wp\/v2\/types\/post"}],"author":[{"embeddable":true,"href":"https:\/\/conadi.gob.gt\/web\/wp-json\/wp\/v2\/users\/7"}],"replies":[{"embeddable":true,"href":"https:\/\/conadi.gob.gt\/web\/wp-json\/wp\/v2\/comments?post=5690"}],"version-history":[{"count":1,"href":"https:\/\/conadi.gob.gt\/web\/wp-json\/wp\/v2\/posts\/5690\/revisions"}],"predecessor-version":[{"id":5692,"href":"https:\/\/conadi.gob.gt\/web\/wp-json\/wp\/v2\/posts\/5690\/revisions\/5692"}],"wp:featuredmedia":[{"embeddable":true,"href":"https:\/\/conadi.gob.gt\/web\/wp-json\/wp\/v2\/media\/5691"}],"wp:attachment":[{"href":"https:\/\/conadi.gob.gt\/web\/wp-json\/wp\/v2\/media?parent=5690"}],"wp:term":[{"taxonomy":"category","embeddable":true,"href":"https:\/\/conadi.gob.gt\/web\/wp-json\/wp\/v2\/categories?post=5690"},{"taxonomy":"post_tag","embeddable":true,"href":"https:\/\/conadi.gob.gt\/web\/wp-json\/wp\/v2\/tags?post=5690"}],"curies":[{"name":"wp","href":"https:\/\/api.w.org\/{rel}","templated":true}]}}