{"id":5716,"date":"2019-05-23T15:08:16","date_gmt":"2019-05-23T15:08:16","guid":{"rendered":"http:\/\/conadi.gob.gt\/web\/?p=5716"},"modified":"2019-05-23T15:11:06","modified_gmt":"2019-05-23T15:11:06","slug":"tu-voto-cuenta","status":"publish","type":"post","link":"https:\/\/conadi.gob.gt\/web\/tu-voto-cuenta\/","title":{"rendered":"TU VOTO CUENTA"},"content":{"rendered":"<p>Art\u00edculo 29<br \/>\nParticipaci\u00f3n en la vida pol\u00edtica y p\u00fablica<\/p>\n<p>Los Estados Partes garantizar\u00e1n a las personas con<br \/>\ndiscapacidad los derechos pol\u00edticos y la posibilidad de gozar de<br \/>\nellos en igualdad de condiciones con las dem\u00e1s y se<br \/>\ncomprometer\u00e1n a:<br \/>\na) Asegurar que las personas con discapacidad puedan<br \/>\nparticipar plena y efectivamente en la vida pol\u00edtica y p\u00fablica en<br \/>\nigualdad de condiciones con las dem\u00e1s, directamente o a trav\u00e9s de<br \/>\nrepresentantes libremente elegidos, incluidos el derecho y la<br \/>\nposibilidad de las personas con discapacidad a votar y ser<br \/>\nelegidas<\/p>\n<p>&nbsp;<\/p>\n<figure id=\"attachment_5706\" aria-describedby=\"caption-attachment-5706\" style=\"width: 1024px\" class=\"wp-caption alignnone\"><a href=\"https:\/\/conadi.gob.gt\/web\/wp-content\/uploads\/2019\/05\/tu-voto-cuenta.jpg\"><img loading=\"lazy\" decoding=\"async\" id=\"longdesc-return-5706\" class=\"wp-image-5706 size-large\" tabindex=\"-1\" src=\"https:\/\/conadi.gob.gt\/web\/wp-content\/uploads\/2019\/05\/tu-voto-cuenta-1024x791.jpg\" alt=\"\" width=\"1024\" height=\"791\" longdesc=\"https:\/\/conadi.gob.gt\/web?longdesc=5706&amp;referrer=5716\" srcset=\"https:\/\/conadi.gob.gt\/web\/wp-content\/uploads\/2019\/05\/tu-voto-cuenta-1024x791.jpg 1024w, https:\/\/conadi.gob.gt\/web\/wp-content\/uploads\/2019\/05\/tu-voto-cuenta-300x232.jpg 300w, https:\/\/conadi.gob.gt\/web\/wp-content\/uploads\/2019\/05\/tu-voto-cuenta-768x593.jpg 768w, https:\/\/conadi.gob.gt\/web\/wp-content\/uploads\/2019\/05\/tu-voto-cuenta-45x35.jpg 45w, https:\/\/conadi.gob.gt\/web\/wp-content\/uploads\/2019\/05\/tu-voto-cuenta-2000x1545.jpg 2000w\" sizes=\"auto, (max-width: 1024px) 100vw, 1024px\" \/><\/a><figcaption id=\"caption-attachment-5706\" class=\"wp-caption-text\">tu voto cuenta<\/figcaption><\/figure>\n","protected":false},"excerpt":{"rendered":"<p>Art\u00edculo 29 Participaci\u00f3n en la vida pol\u00edtica y p\u00fablica Los Estados Partes garantizar\u00e1n a las personas con discapacidad los derechos pol\u00edticos y la posibilidad de gozar de ellos en igualdad de condiciones con las dem\u00e1s y se comprometer\u00e1n a: a) Asegurar que las personas con discapacidad puedan participar plena y efectivamente en la vida pol\u00edtica &hellip; <\/p>\n<p class=\"link-more\"><a href=\"https:\/\/conadi.gob.gt\/web\/tu-voto-cuenta\/\" class=\"more-link\">Leer m\u00e1s<span class=\"screen-reader-text\"> \u00abTU VOTO CUENTA\u00bb<\/span><\/a><\/p>\n","protected":false},"author":12,"featured_media":5706,"comment_status":"open","ping_status":"closed","sticky":false,"template":"","format":"standard","meta":{"footnotes":""},"categories":[3],"tags":[],"class_list":["post-5716","post","type-post","status-publish","format-standard","has-post-thumbnail","hentry","category-noticias"],"_links":{"self":[{"href":"https:\/\/conadi.gob.gt\/web\/wp-json\/wp\/v2\/posts\/5716","targetHints":{"allow":["GET"]}}],"collection":[{"href":"https:\/\/conadi.gob.gt\/web\/wp-json\/wp\/v2\/posts"}],"about":[{"href":"https:\/\/conadi.gob.gt\/web\/wp-json\/wp\/v2\/types\/post"}],"author":[{"embeddable":true,"href":"https:\/\/conadi.gob.gt\/web\/wp-json\/wp\/v2\/users\/12"}],"replies":[{"embeddable":true,"href":"https:\/\/conadi.gob.gt\/web\/wp-json\/wp\/v2\/comments?post=5716"}],"version-history":[{"count":2,"href":"https:\/\/conadi.gob.gt\/web\/wp-json\/wp\/v2\/posts\/5716\/revisions"}],"predecessor-version":[{"id":5718,"href":"https:\/\/conadi.gob.gt\/web\/wp-json\/wp\/v2\/posts\/5716\/revisions\/5718"}],"wp:featuredmedia":[{"embeddable":true,"href":"https:\/\/conadi.gob.gt\/web\/wp-json\/wp\/v2\/media\/5706"}],"wp:attachment":[{"href":"https:\/\/conadi.gob.gt\/web\/wp-json\/wp\/v2\/media?parent=5716"}],"wp:term":[{"taxonomy":"category","embeddable":true,"href":"https:\/\/conadi.gob.gt\/web\/wp-json\/wp\/v2\/categories?post=5716"},{"taxonomy":"post_tag","embeddable":true,"href":"https:\/\/conadi.gob.gt\/web\/wp-json\/wp\/v2\/tags?post=5716"}],"curies":[{"name":"wp","href":"https:\/\/api.w.org\/{rel}","templated":true}]}}