{"id":5720,"date":"2019-05-23T23:14:53","date_gmt":"2019-05-23T23:14:53","guid":{"rendered":"http:\/\/conadi.gob.gt\/web\/?p=5720"},"modified":"2019-05-24T22:53:34","modified_gmt":"2019-05-24T22:53:34","slug":"creacion-del-sistema-nacional-de-certificacion-de-discapacidad-impulsa-programas-para-personas-discapacidad-del-pais","status":"publish","type":"post","link":"https:\/\/conadi.gob.gt\/web\/creacion-del-sistema-nacional-de-certificacion-de-discapacidad-impulsa-programas-para-personas-discapacidad-del-pais\/","title":{"rendered":"Creaci\u00f3n del Sistema Nacional de Certificaci\u00f3n de Discapacidad impulsa programas para personas con discapacidad del\u00a0 pa\u00eds"},"content":{"rendered":"<p style=\"text-align: left;\">Iniciativa de Ley 5463 de Certificaci\u00f3n de Discapacidad, propone que por medio de \u00e9sta se planee, coordin\u00e9 y se ejecuten las pol\u00edticas y programas de apoyo dirigido a las personas con discapacidad\u00a0 y sus familias<\/p>\n<p style=\"text-align: left;\">Desde la Comisi\u00f3n de Asuntos de Discapacidad del Congreso de la Rep\u00fablica, que preside la diputada Sandra Mor\u00e1n, se ha discutido sobre dicha iniciativa y plantean la creaci\u00f3n del Sistema Nacional de Certificaci\u00f3n de Discapacidad.<\/p>\n<p style=\"text-align: left;\">De acuerdo con los ponentes de la Ley, es necesario que el pa\u00eds tenga estad\u00edsticas e informaci\u00f3n competente y adecuada para que se logren ejecutar los programas de apoyo para las personas con discapacidad, y en ese sentido el Ministerio de Salud y Asistencia Social estar\u00e1 a cargo.<\/p>\n<p><strong>Registro y Certificaci\u00f3n<\/strong><\/p>\n<p>De acuerdo con Rosa Idalia Aldana, presidenta del CONADI, existe una confusi\u00f3n en dicha iniciativa en cuanto al tema de registro y certificaci\u00f3n.<\/p>\n<p>Explica que en el Registro le compete al Estado e instancias p\u00fablicas llevar datos estad\u00edsticos de las personas con discapacidad tales como tr\u00e1mites de denuncias en el Ministerio P\u00fablico, en el Ministerio de Educaci\u00f3n ni\u00f1os y ni\u00f1as escolarizados, Ministerio de Salud y Asistencia Social tipos de discapacidad y edades.<\/p>\n<p>Y en lo que se refiere a la Certificaci\u00f3n, se abordan aspectos psicosociales; participaci\u00f3n de las personas con discapacidad, factores que incrementan o disminuyen la discapacidad, y emociones que se recargan en la persona o familia.<\/p>\n<p>Representantes del CONADI, afirman que la creaci\u00f3n de la certificaci\u00f3n, ser\u00e1 de mucha ayuda para las personas que padecen de alguna discapacidad f\u00edsica o mental, por lo cual se espera obtener el apoyo de los legisladores para que sea aprobada lo antes posible.<\/p>\n","protected":false},"excerpt":{"rendered":"<p>Iniciativa de Ley 5463 de Certificaci\u00f3n de Discapacidad, propone que por medio de \u00e9sta se planee, coordin\u00e9 y se ejecuten las pol\u00edticas y programas de apoyo dirigido a las personas con discapacidad\u00a0 y sus familias Desde la Comisi\u00f3n de Asuntos de Discapacidad del Congreso de la Rep\u00fablica, que preside la diputada Sandra Mor\u00e1n, se ha &hellip; <\/p>\n<p class=\"link-more\"><a href=\"https:\/\/conadi.gob.gt\/web\/creacion-del-sistema-nacional-de-certificacion-de-discapacidad-impulsa-programas-para-personas-discapacidad-del-pais\/\" class=\"more-link\">Leer m\u00e1s<span class=\"screen-reader-text\"> \u00abCreaci\u00f3n del Sistema Nacional de Certificaci\u00f3n de Discapacidad impulsa programas para personas con discapacidad del\u00a0 pa\u00eds\u00bb<\/span><\/a><\/p>\n","protected":false},"author":12,"featured_media":5721,"comment_status":"open","ping_status":"closed","sticky":false,"template":"","format":"standard","meta":{"footnotes":""},"categories":[3],"tags":[],"class_list":["post-5720","post","type-post","status-publish","format-standard","has-post-thumbnail","hentry","category-noticias"],"_links":{"self":[{"href":"https:\/\/conadi.gob.gt\/web\/wp-json\/wp\/v2\/posts\/5720","targetHints":{"allow":["GET"]}}],"collection":[{"href":"https:\/\/conadi.gob.gt\/web\/wp-json\/wp\/v2\/posts"}],"about":[{"href":"https:\/\/conadi.gob.gt\/web\/wp-json\/wp\/v2\/types\/post"}],"author":[{"embeddable":true,"href":"https:\/\/conadi.gob.gt\/web\/wp-json\/wp\/v2\/users\/12"}],"replies":[{"embeddable":true,"href":"https:\/\/conadi.gob.gt\/web\/wp-json\/wp\/v2\/comments?post=5720"}],"version-history":[{"count":2,"href":"https:\/\/conadi.gob.gt\/web\/wp-json\/wp\/v2\/posts\/5720\/revisions"}],"predecessor-version":[{"id":5736,"href":"https:\/\/conadi.gob.gt\/web\/wp-json\/wp\/v2\/posts\/5720\/revisions\/5736"}],"wp:featuredmedia":[{"embeddable":true,"href":"https:\/\/conadi.gob.gt\/web\/wp-json\/wp\/v2\/media\/5721"}],"wp:attachment":[{"href":"https:\/\/conadi.gob.gt\/web\/wp-json\/wp\/v2\/media?parent=5720"}],"wp:term":[{"taxonomy":"category","embeddable":true,"href":"https:\/\/conadi.gob.gt\/web\/wp-json\/wp\/v2\/categories?post=5720"},{"taxonomy":"post_tag","embeddable":true,"href":"https:\/\/conadi.gob.gt\/web\/wp-json\/wp\/v2\/tags?post=5720"}],"curies":[{"name":"wp","href":"https:\/\/api.w.org\/{rel}","templated":true}]}}