{"id":5723,"date":"2019-05-24T20:11:31","date_gmt":"2019-05-24T20:11:31","guid":{"rendered":"http:\/\/conadi.gob.gt\/web\/?p=5723"},"modified":"2019-06-03T22:36:46","modified_gmt":"2019-06-03T22:36:46","slug":"recomendaciones-para-ayudar-a-personas-con-discapacidad-en-voto-asistido","status":"publish","type":"post","link":"https:\/\/conadi.gob.gt\/web\/recomendaciones-para-ayudar-a-personas-con-discapacidad-en-voto-asistido\/","title":{"rendered":"Recomendaciones para ayudar a personas con discapacidad en voto asistido"},"content":{"rendered":"<p><strong>Con el objetivo de dar a conoce la forma adecuada sobre voto asistido de personas con discapacidad en las elecciones electorales del 16 de junio, el Consejo Nacional para la Atenci\u00f3n de las Personas con Discapacidad -CONADI-, recomienda la forma en la que se debe brindar la asistencia durante el sufragio.<\/strong><\/p>\n<p>El proceso electoral 2019, pone en riesgo varios procedimientos, entre estos la \u00a0impresi\u00f3n de las boletas en sistema braille, ante tal situaci\u00f3n el \u2013CONADI-, hace un llamado a las Juntas Receptoras de votos, observadores electorales y ciudadan\u00eda en general, a que brinde el apoyo necesario a las personas con discapacidad. El marcado retraso en la asignaci\u00f3n de casillas a los candidatos \u00a0en las papeletas, ha incidido en la impresi\u00f3n de \u00e9stas, lo que puede afectar significativamente la participaci\u00f3n de los electores con discapacidad visual y de movilidad reducida.<\/p>\n<p>Ante ese hecho la instituci\u00f3n insta a las autoridades electorales la promoci\u00f3n y respeto\u00a0 del voto asistido, conforme lo establece el inciso a del art\u00edculo 29 de la Convenci\u00f3n de las Naciones Unidas \u00a0Sobre los Derechos de las Personas con Discapacidad.\u00a0 Dicho art\u00edculo El art\u00edculo regula la participaci\u00f3n de las personas con discapacidad en la vida p\u00fablica y pol\u00edtica de los Estados, que en Guatemala\u00a0 representa un mill\u00f3n seiscientos mil ciudadanos, de los cuales, m\u00e1s del 50% est\u00e1n en edad para ejercer el voto.<\/p>\n<p>Sin embargo, las barreras arquitect\u00f3nicas, la inaccesibilidad de los centros de votaci\u00f3n y ahora, la dificultad de no contar con papeletas en formatos accesibles, hacen que este derecho se vea afectado. Y por eso todos quienes est\u00e9n relacionados con el proceso deben conocer la mejor forma de apoyar a los electores en condici\u00f3n de discapacidad.<\/p>\n<p>&nbsp;<\/p>\n<p><strong>Discapacidad Auditiva:<\/strong> Col\u00f3cate delante de la persona para que pueda ver tu rostro cuando te comuniques con ella, habla despacio y con claridad; acompa\u00f1a la informaci\u00f3n con gestos y ademanes, tambi\u00e9n puedes escribir lo que le quieres transmitir. Si en la interacci\u00f3n participa un int\u00e9rprete de lengua de se\u00f1as, no ignores a la persona sorda.<\/p>\n<figure id=\"attachment_5727\" aria-describedby=\"caption-attachment-5727\" style=\"width: 300px\" class=\"wp-caption alignnone\"><a href=\"https:\/\/conadi.gob.gt\/web\/wp-content\/uploads\/2019\/05\/WhatsApp-Image-2019-05-24-at-1.50.46-PM.jpeg\"><img loading=\"lazy\" decoding=\"async\" class=\"size-medium wp-image-5727\" src=\"https:\/\/conadi.gob.gt\/web\/wp-content\/uploads\/2019\/05\/WhatsApp-Image-2019-05-24-at-1.50.46-PM-300x225.jpeg\" alt=\"Asistencia a personas con discapacidad visual.\" width=\"300\" height=\"225\" srcset=\"https:\/\/conadi.gob.gt\/web\/wp-content\/uploads\/2019\/05\/WhatsApp-Image-2019-05-24-at-1.50.46-PM-300x225.jpeg 300w, https:\/\/conadi.gob.gt\/web\/wp-content\/uploads\/2019\/05\/WhatsApp-Image-2019-05-24-at-1.50.46-PM-768x576.jpeg 768w, https:\/\/conadi.gob.gt\/web\/wp-content\/uploads\/2019\/05\/WhatsApp-Image-2019-05-24-at-1.50.46-PM-1024x768.jpeg 1024w, https:\/\/conadi.gob.gt\/web\/wp-content\/uploads\/2019\/05\/WhatsApp-Image-2019-05-24-at-1.50.46-PM-45x35.jpeg 45w, https:\/\/conadi.gob.gt\/web\/wp-content\/uploads\/2019\/05\/WhatsApp-Image-2019-05-24-at-1.50.46-PM.jpeg 1040w\" sizes=\"auto, (max-width: 300px) 100vw, 300px\" \/><\/a><figcaption id=\"caption-attachment-5727\" class=\"wp-caption-text\">Ejemplo de asistencia a persona con discapacidad visual<\/figcaption><\/figure>\n<p>&nbsp;<\/p>\n<p>&nbsp;<\/p>\n<p>&nbsp;<\/p>\n<p><strong>Discapacidad Visual:<\/strong> Preg\u00fantale si requiere apoyo y como lo puedes hacer de la mejor manera; col\u00f3cate del lado donde no lleva su bast\u00f3n o perro gu\u00eda; ofr\u00e9cele tu brazo y mantente un paso adelante; deja que utilice su bast\u00f3n o perro gu\u00eda para que se percate de los posibles obst\u00e1culos.<\/p>\n<p><strong>Discapacidad Intelectual:<\/strong> Utiliza un lenguaje sencillo, puedes usar ademanes y gestos; de ser necesario repite varias veces alguna instrucci\u00f3n,\u00a0 preg\u00fantale si te ha comprendido, s\u00e9 natural, tal y como eres con los dem\u00e1s, h\u00e1blale\u00a0 directamente y no solo a su acompa\u00f1ante.<\/p>\n<p>&nbsp;<\/p>\n<p>&nbsp;<\/p>\n<p><strong>Discapacidad F\u00edsica:<\/strong> No tomes la silla de ruedas por los descansa brazos; no levantes la silla por los agarradores; al dar apoyo en bajar gradas, ub\u00edcate detr\u00e1s de la silla, incl\u00ednala hacia ti y b\u00e1jala de retroceso.<\/p>\n<figure id=\"attachment_5725\" aria-describedby=\"caption-attachment-5725\" style=\"width: 300px\" class=\"wp-caption alignnone\"><a href=\"https:\/\/conadi.gob.gt\/web\/wp-content\/uploads\/2019\/05\/IMG_9622.jpg\"><img loading=\"lazy\" decoding=\"async\" class=\"size-medium wp-image-5725\" src=\"https:\/\/conadi.gob.gt\/web\/wp-content\/uploads\/2019\/05\/IMG_9622-300x200.jpg\" alt=\"TSE cuenta con atriles que tienen pesta\u00f1as bajas para los usuarios de talla peque\u00f1a. \" width=\"300\" height=\"200\" srcset=\"https:\/\/conadi.gob.gt\/web\/wp-content\/uploads\/2019\/05\/IMG_9622-300x200.jpg 300w, https:\/\/conadi.gob.gt\/web\/wp-content\/uploads\/2019\/05\/IMG_9622-768x512.jpg 768w, https:\/\/conadi.gob.gt\/web\/wp-content\/uploads\/2019\/05\/IMG_9622-1024x683.jpg 1024w, https:\/\/conadi.gob.gt\/web\/wp-content\/uploads\/2019\/05\/IMG_9622-90x60.jpg 90w, https:\/\/conadi.gob.gt\/web\/wp-content\/uploads\/2019\/05\/IMG_9622-180x120.jpg 180w, https:\/\/conadi.gob.gt\/web\/wp-content\/uploads\/2019\/05\/IMG_9622-95x64.jpg 95w\" sizes=\"auto, (max-width: 300px) 100vw, 300px\" \/><\/a><figcaption id=\"caption-attachment-5725\" class=\"wp-caption-text\">Ejemplo del voto asistido a personas de talla peque\u00f1a.<\/figcaption><\/figure>\n<p><strong>Talla peque\u00f1a:<\/strong> Col\u00f3cale los objetos a su alcance, no te burles de su condici\u00f3n, y no los trates como si fueran ni\u00f1os, toma en cuenta que son personas adultas. Tr\u00e1talos con respeto. \u00a0Siempre ser\u00e1 una buena medida si les preguntas si requieren de alg\u00fan apoyo.<\/p>\n<p><strong>Garantizar\u00e1n derecho\u00a0<\/strong><\/p>\n<p>El pasado 22 de mayo tambi\u00e9n el CONADI\u00a0 firm\u00f3 carta de entendimiento con el Tribunal Supremo Electoral -TSE-, para asegurar el derecho de las personas con discapacidad antes, durante y despu\u00e9s de tan importante proceso en el 2019.<\/p>\n<p>Ambas entidades hacen su mejor esfuerzo con el apoyo de la Fundaci\u00f3n Internacional para Sistemas Electorales \u2013IFES- y otros organismos como las entidades que participan en la observaci\u00f3n electoral. Pero\u00a0 se requiere del concurso y compromiso de todos los sectores para que el Estado guatemalteco d\u00e9 cumplimiento a la Convenci\u00f3n Sobre los Derechos de las personas con Discapacidad, adoptada como parte de su legislaci\u00f3n interna desde el a\u00f1o 2008. Para futuros procesos electorales, el CONADI propondr\u00e1 la implementaci\u00f3n de otros mecanismos de participaci\u00f3n para no poner en riesgo este derecho.<\/p>\n","protected":false},"excerpt":{"rendered":"<p>Con el objetivo de dar a conoce la forma adecuada sobre voto asistido de personas con discapacidad en las elecciones electorales del 16 de junio, el Consejo Nacional para la Atenci\u00f3n de las Personas con Discapacidad -CONADI-, recomienda la forma en la que se debe brindar la asistencia durante el sufragio. El proceso electoral 2019, &hellip; <\/p>\n<p class=\"link-more\"><a href=\"https:\/\/conadi.gob.gt\/web\/recomendaciones-para-ayudar-a-personas-con-discapacidad-en-voto-asistido\/\" class=\"more-link\">Leer m\u00e1s<span class=\"screen-reader-text\"> \u00abRecomendaciones para ayudar a personas con discapacidad en voto asistido\u00bb<\/span><\/a><\/p>\n","protected":false},"author":12,"featured_media":5728,"comment_status":"open","ping_status":"closed","sticky":false,"template":"","format":"standard","meta":{"footnotes":""},"categories":[3],"tags":[],"class_list":["post-5723","post","type-post","status-publish","format-standard","has-post-thumbnail","hentry","category-noticias"],"_links":{"self":[{"href":"https:\/\/conadi.gob.gt\/web\/wp-json\/wp\/v2\/posts\/5723","targetHints":{"allow":["GET"]}}],"collection":[{"href":"https:\/\/conadi.gob.gt\/web\/wp-json\/wp\/v2\/posts"}],"about":[{"href":"https:\/\/conadi.gob.gt\/web\/wp-json\/wp\/v2\/types\/post"}],"author":[{"embeddable":true,"href":"https:\/\/conadi.gob.gt\/web\/wp-json\/wp\/v2\/users\/12"}],"replies":[{"embeddable":true,"href":"https:\/\/conadi.gob.gt\/web\/wp-json\/wp\/v2\/comments?post=5723"}],"version-history":[{"count":4,"href":"https:\/\/conadi.gob.gt\/web\/wp-json\/wp\/v2\/posts\/5723\/revisions"}],"predecessor-version":[{"id":5731,"href":"https:\/\/conadi.gob.gt\/web\/wp-json\/wp\/v2\/posts\/5723\/revisions\/5731"}],"wp:featuredmedia":[{"embeddable":true,"href":"https:\/\/conadi.gob.gt\/web\/wp-json\/wp\/v2\/media\/5728"}],"wp:attachment":[{"href":"https:\/\/conadi.gob.gt\/web\/wp-json\/wp\/v2\/media?parent=5723"}],"wp:term":[{"taxonomy":"category","embeddable":true,"href":"https:\/\/conadi.gob.gt\/web\/wp-json\/wp\/v2\/categories?post=5723"},{"taxonomy":"post_tag","embeddable":true,"href":"https:\/\/conadi.gob.gt\/web\/wp-json\/wp\/v2\/tags?post=5723"}],"curies":[{"name":"wp","href":"https:\/\/api.w.org\/{rel}","templated":true}]}}