{"id":5737,"date":"2019-05-27T20:39:08","date_gmt":"2019-05-27T20:39:08","guid":{"rendered":"http:\/\/conadi.gob.gt\/web\/?p=5737"},"modified":"2019-05-27T20:39:08","modified_gmt":"2019-05-27T20:39:08","slug":"aspirantes-se-comprometen-a-impulsar-y-apoyar-iniciativas-en-favor-de-personas-con-discapacidad","status":"publish","type":"post","link":"https:\/\/conadi.gob.gt\/web\/aspirantes-se-comprometen-a-impulsar-y-apoyar-iniciativas-en-favor-de-personas-con-discapacidad\/","title":{"rendered":"Aspirantes se comprometen a impulsar y apoyar iniciativas en favor de personas con discapacidad"},"content":{"rendered":"<p>Agenda M\u00ednima para la Inclusi\u00f3n de las Personas con Discapacidad fue presentada ante candidatos a presidente, vicepresidente, Congreso de la Rep\u00fablica, Parlamento Centroamericano y alcald\u00edas, con el objetivo de incidir de forma positiva e implementen acciones concretas durante su gesti\u00f3n, si resultan ser electos.<\/p>\n<p>Alejandra Rossi de la Fundaci\u00f3n Internacional para Sistemas Electorales -IFES-, expres\u00f3 que apoyan y se suman a las iniciativas donde se hacen propuestas pol\u00edticas que impulsan la Convenci\u00f3n de Derechos Humanos ratificada en Guatemala. Adem\u00e1s de estar pendientes de temas como espacios p\u00fablicos, salud, educaci\u00f3n, justicia, participaci\u00f3n c\u00edvica y pol\u00edtica de la poblaci\u00f3n con discapacidad.<\/p>\n<p>En ese mismo sentido Rosa Idalia Aldana del Consejo Nacional para la Atenci\u00f3n de las Personas con Discapacidad\u00a0 -CONADI- enfatiz\u00f3 sobre la protecci\u00f3n de mujeres y ni\u00f1as con discapacidad que sufren de violencia f\u00edsica y sexual, as\u00ed como de protocolos de atenci\u00f3n para v\u00edctimas de violencia, sexual, maternidad y esterilizaci\u00f3n forzada.<\/p>\n<figure id=\"attachment_5739\" aria-describedby=\"caption-attachment-5739\" style=\"width: 300px\" class=\"wp-caption alignnone\"><a href=\"https:\/\/conadi.gob.gt\/web\/wp-content\/uploads\/2019\/05\/IMG_7584.jpg\"><img loading=\"lazy\" decoding=\"async\" class=\"size-medium wp-image-5739\" src=\"https:\/\/conadi.gob.gt\/web\/wp-content\/uploads\/2019\/05\/IMG_7584-300x200.jpg\" alt=\"Agenda fue presentada con aspirantes a cargos p\u00fablicos\" width=\"300\" height=\"200\" srcset=\"https:\/\/conadi.gob.gt\/web\/wp-content\/uploads\/2019\/05\/IMG_7584-300x200.jpg 300w, https:\/\/conadi.gob.gt\/web\/wp-content\/uploads\/2019\/05\/IMG_7584-768x512.jpg 768w, https:\/\/conadi.gob.gt\/web\/wp-content\/uploads\/2019\/05\/IMG_7584-1024x683.jpg 1024w, https:\/\/conadi.gob.gt\/web\/wp-content\/uploads\/2019\/05\/IMG_7584-90x60.jpg 90w, https:\/\/conadi.gob.gt\/web\/wp-content\/uploads\/2019\/05\/IMG_7584-180x120.jpg 180w, https:\/\/conadi.gob.gt\/web\/wp-content\/uploads\/2019\/05\/IMG_7584-95x64.jpg 95w\" sizes=\"auto, (max-width: 300px) 100vw, 300px\" \/><\/a><figcaption id=\"caption-attachment-5739\" class=\"wp-caption-text\">Agenda M\u00ednima para la Inclusi\u00f3n de las Personas con Discapacidad.<\/figcaption><\/figure>\n<p>Ante los presentes fue expuesto tambi\u00e9n sobre la aprobaci\u00f3n de la Iniciativa 5463 Ley de Certificaci\u00f3n de Discapacidad que busca crear el Sistema Nacional para la Certificaci\u00f3n de Discapacidad. Ley de Educaci\u00f3n Especial, Iniciativa 5529 Ley para el Fomento del Trabajo, Empleo y Emprendimiento para las Personas con Discapacidad.<\/p>\n<p>Y tambi\u00e9n sobre hacer efectiva la Ley de Educaci\u00f3n Especial a trav\u00e9s de un sistema de educaci\u00f3n inclusiva gratuita y de calidad para todos. Y Pol\u00edticas p\u00fablicas que procuren la salud sexual y reproductiva de ni\u00f1as, adolescentes y mujeres con discapacidad instalando capacidades en los salubristas.<\/p>\n<p>Al finalizar la actividad que fue organizada por la Red Nacional para las Personas con Discapacidad de Guatemala Sociedad Civil \u2013RENADISGUA-, CONADI, IFES y Pan American Development Foundation \u2013PADF-, los aspirantes colocaron su firma en mantas donde se comprometen a impulsar y apoyar dichas iniciativas de ley, si llegan a ser elegidos para los cargos p\u00fablicos.<\/p>\n","protected":false},"excerpt":{"rendered":"<p>Agenda M\u00ednima para la Inclusi\u00f3n de las Personas con Discapacidad fue presentada ante candidatos a presidente, vicepresidente, Congreso de la Rep\u00fablica, Parlamento Centroamericano y alcald\u00edas, con el objetivo de incidir de forma positiva e implementen acciones concretas durante su gesti\u00f3n, si resultan ser electos. Alejandra Rossi de la Fundaci\u00f3n Internacional para Sistemas Electorales -IFES-, expres\u00f3 &hellip; <\/p>\n<p class=\"link-more\"><a href=\"https:\/\/conadi.gob.gt\/web\/aspirantes-se-comprometen-a-impulsar-y-apoyar-iniciativas-en-favor-de-personas-con-discapacidad\/\" class=\"more-link\">Leer m\u00e1s<span class=\"screen-reader-text\"> \u00abAspirantes se comprometen a impulsar y apoyar iniciativas en favor de personas con discapacidad\u00bb<\/span><\/a><\/p>\n","protected":false},"author":12,"featured_media":5738,"comment_status":"open","ping_status":"closed","sticky":false,"template":"","format":"standard","meta":{"footnotes":""},"categories":[3],"tags":[],"class_list":["post-5737","post","type-post","status-publish","format-standard","has-post-thumbnail","hentry","category-noticias"],"_links":{"self":[{"href":"https:\/\/conadi.gob.gt\/web\/wp-json\/wp\/v2\/posts\/5737","targetHints":{"allow":["GET"]}}],"collection":[{"href":"https:\/\/conadi.gob.gt\/web\/wp-json\/wp\/v2\/posts"}],"about":[{"href":"https:\/\/conadi.gob.gt\/web\/wp-json\/wp\/v2\/types\/post"}],"author":[{"embeddable":true,"href":"https:\/\/conadi.gob.gt\/web\/wp-json\/wp\/v2\/users\/12"}],"replies":[{"embeddable":true,"href":"https:\/\/conadi.gob.gt\/web\/wp-json\/wp\/v2\/comments?post=5737"}],"version-history":[{"count":1,"href":"https:\/\/conadi.gob.gt\/web\/wp-json\/wp\/v2\/posts\/5737\/revisions"}],"predecessor-version":[{"id":5740,"href":"https:\/\/conadi.gob.gt\/web\/wp-json\/wp\/v2\/posts\/5737\/revisions\/5740"}],"wp:featuredmedia":[{"embeddable":true,"href":"https:\/\/conadi.gob.gt\/web\/wp-json\/wp\/v2\/media\/5738"}],"wp:attachment":[{"href":"https:\/\/conadi.gob.gt\/web\/wp-json\/wp\/v2\/media?parent=5737"}],"wp:term":[{"taxonomy":"category","embeddable":true,"href":"https:\/\/conadi.gob.gt\/web\/wp-json\/wp\/v2\/categories?post=5737"},{"taxonomy":"post_tag","embeddable":true,"href":"https:\/\/conadi.gob.gt\/web\/wp-json\/wp\/v2\/tags?post=5737"}],"curies":[{"name":"wp","href":"https:\/\/api.w.org\/{rel}","templated":true}]}}