{"id":5741,"date":"2019-05-29T20:20:57","date_gmt":"2019-05-29T20:20:57","guid":{"rendered":"http:\/\/conadi.gob.gt\/web\/?p=5741"},"modified":"2019-05-29T20:22:44","modified_gmt":"2019-05-29T20:22:44","slug":"trabajo-incluyente-para-el-desarrollo-del-pais","status":"publish","type":"post","link":"https:\/\/conadi.gob.gt\/web\/trabajo-incluyente-para-el-desarrollo-del-pais\/","title":{"rendered":"Trabajo incluyente para el desarrollo del pa\u00eds"},"content":{"rendered":"<p>El Consejo Nacional para la Atenci\u00f3n de las Personas con Discapacidad (CONADI), con motivo de celebrar sus 22 a\u00f1os llev\u00f3 a cabo el martes 29 junio el foro \u00abDerechos laborales de las personas con discapacidad y su aporte al desarrollo del pa\u00eds\u00bb para presentar los avances surgidos en materia laboral y derechos humanos inclusivos.<\/p>\n<p>En ese sentido el Licenciado Sebasti\u00e1n Toledo, presidente del CONADI, habl\u00f3 del avance de la instituci\u00f3n donde resalta la Pol\u00edtica Nacional de Discapacidad, Ratificaci\u00f3n de la Convenci\u00f3n de los Derechos de las Personas con Discapacidad y las Oficinas Municipales de Discapacidad. En ese contexto\u00a0la licenciada Rosa Idalia Aldana, tambi\u00e9n\u00a0 se\u00f1al\u00f3 la importancia de abrir espacios de di\u00e1logo para socializar derechos, oportunidades y competencias.<\/p>\n<p>En la reuni\u00f3n, como panelista, se cont\u00f3 con la presencia e intervenci\u00f3n de la\u00a0Licda. Alejandra Villagr\u00e1n, diputada e integrante de la Comisi\u00f3n de Asuntos de Discapacidad del Congreso de la Rep\u00fablica, abord\u00f3 acerca del apoyo brindado a las actuales iniciativas de ley que tratan\u00a0 asuntos de discapacidad, indic\u00f3 que desde esa comisi\u00f3n velan por que el trabajo, salud y educaci\u00f3n sean incluyentes.<\/p>\n<p>En tema el tema de la apertura mercados laborales William Godoy, director de Previsi\u00f3n Social del Ministerio de Trabajo, coment\u00f3 que desde esa instancia se han logrado avances\u00a0 de inclusi\u00f3n laboral para personas con discapacidad en instituciones p\u00fablicas y privadas, adem\u00e1s de acciones en favor de ese sector como asesor\u00edas, inclusi\u00f3n o competencias. Entre otras, se\u00f1ala a los mercados tecnol\u00f3gicos como los que m\u00e1s aportan al pa\u00eds y apuestan por cambios donde incluyen a las personas con discapacidad.<\/p>\n<p><a href=\"https:\/\/conadi.gob.gt\/web\/wp-content\/uploads\/2019\/05\/IMG_7689.jpg\"><img loading=\"lazy\" decoding=\"async\" id=\"longdesc-return-5743\" class=\"alignnone size-medium wp-image-5743\" tabindex=\"-1\" src=\"https:\/\/conadi.gob.gt\/web\/wp-content\/uploads\/2019\/05\/IMG_7689-300x200.jpg\" alt=\"Panelistas invitados\" width=\"300\" height=\"200\" longdesc=\"https:\/\/conadi.gob.gt\/web?longdesc=5743&amp;referrer=5741\" srcset=\"https:\/\/conadi.gob.gt\/web\/wp-content\/uploads\/2019\/05\/IMG_7689-300x200.jpg 300w, https:\/\/conadi.gob.gt\/web\/wp-content\/uploads\/2019\/05\/IMG_7689-768x512.jpg 768w, https:\/\/conadi.gob.gt\/web\/wp-content\/uploads\/2019\/05\/IMG_7689-1024x683.jpg 1024w, https:\/\/conadi.gob.gt\/web\/wp-content\/uploads\/2019\/05\/IMG_7689-90x60.jpg 90w, https:\/\/conadi.gob.gt\/web\/wp-content\/uploads\/2019\/05\/IMG_7689-180x120.jpg 180w, https:\/\/conadi.gob.gt\/web\/wp-content\/uploads\/2019\/05\/IMG_7689-95x64.jpg 95w\" sizes=\"auto, (max-width: 300px) 100vw, 300px\" \/><\/a><\/p>\n<p><strong>Impulsar mejoras<\/strong><\/p>\n<p>Factores como una atenci\u00f3n temprana, centros educativos especiales o con inclusi\u00f3n educativa, asesoramiento y apoyo a las familias,\u00a0 iniciativas con asociaciones o instituciones que capaciten o desarrollen habilidades y planes para gesti\u00f3n de proyectos, son considerados por\u00a0Andrea Bola\u00f1os del CACIF como temas en favor de inclusi\u00f3n laboral como m\u00e9todos para la productividad. En el mismo contexto, Gloria Zaraz\u00faa, Viceministra del Ministerio de Econom\u00eda, coment\u00f3 que las MIPYMES fomentan la inclusi\u00f3n laboral de las personas con discapacidad para que sean personas productivas y se puedan ser competentes en los mercados laborales.<\/p>\n","protected":false},"excerpt":{"rendered":"<p>El Consejo Nacional para la Atenci\u00f3n de las Personas con Discapacidad (CONADI), con motivo de celebrar sus 22 a\u00f1os llev\u00f3 a cabo el martes 29 junio el foro \u00abDerechos laborales de las personas con discapacidad y su aporte al desarrollo del pa\u00eds\u00bb para presentar los avances surgidos en materia laboral y derechos humanos inclusivos. En &hellip; <\/p>\n<p class=\"link-more\"><a href=\"https:\/\/conadi.gob.gt\/web\/trabajo-incluyente-para-el-desarrollo-del-pais\/\" class=\"more-link\">Leer m\u00e1s<span class=\"screen-reader-text\"> \u00abTrabajo incluyente para el desarrollo del pa\u00eds\u00bb<\/span><\/a><\/p>\n","protected":false},"author":12,"featured_media":5742,"comment_status":"open","ping_status":"closed","sticky":false,"template":"","format":"standard","meta":{"footnotes":""},"categories":[3],"tags":[],"class_list":["post-5741","post","type-post","status-publish","format-standard","has-post-thumbnail","hentry","category-noticias"],"_links":{"self":[{"href":"https:\/\/conadi.gob.gt\/web\/wp-json\/wp\/v2\/posts\/5741","targetHints":{"allow":["GET"]}}],"collection":[{"href":"https:\/\/conadi.gob.gt\/web\/wp-json\/wp\/v2\/posts"}],"about":[{"href":"https:\/\/conadi.gob.gt\/web\/wp-json\/wp\/v2\/types\/post"}],"author":[{"embeddable":true,"href":"https:\/\/conadi.gob.gt\/web\/wp-json\/wp\/v2\/users\/12"}],"replies":[{"embeddable":true,"href":"https:\/\/conadi.gob.gt\/web\/wp-json\/wp\/v2\/comments?post=5741"}],"version-history":[{"count":1,"href":"https:\/\/conadi.gob.gt\/web\/wp-json\/wp\/v2\/posts\/5741\/revisions"}],"predecessor-version":[{"id":5744,"href":"https:\/\/conadi.gob.gt\/web\/wp-json\/wp\/v2\/posts\/5741\/revisions\/5744"}],"wp:featuredmedia":[{"embeddable":true,"href":"https:\/\/conadi.gob.gt\/web\/wp-json\/wp\/v2\/media\/5742"}],"wp:attachment":[{"href":"https:\/\/conadi.gob.gt\/web\/wp-json\/wp\/v2\/media?parent=5741"}],"wp:term":[{"taxonomy":"category","embeddable":true,"href":"https:\/\/conadi.gob.gt\/web\/wp-json\/wp\/v2\/categories?post=5741"},{"taxonomy":"post_tag","embeddable":true,"href":"https:\/\/conadi.gob.gt\/web\/wp-json\/wp\/v2\/tags?post=5741"}],"curies":[{"name":"wp","href":"https:\/\/api.w.org\/{rel}","templated":true}]}}