{"id":5745,"date":"2019-05-30T22:34:05","date_gmt":"2019-05-30T22:34:05","guid":{"rendered":"http:\/\/conadi.gob.gt\/web\/?p=5745"},"modified":"2019-05-30T22:44:48","modified_gmt":"2019-05-30T22:44:48","slug":"unidad-academica-de-la-usac-y-conadi-trabajaran-en-conjunto","status":"publish","type":"post","link":"https:\/\/conadi.gob.gt\/web\/unidad-academica-de-la-usac-y-conadi-trabajaran-en-conjunto\/","title":{"rendered":"Unidad acad\u00e9mica de la USAC y CONADI trabajar\u00e1n en  conjunto"},"content":{"rendered":"<p>Trabajar para mermar la discriminaci\u00f3n hacia las personas con discapacidad, promover la accesibilidad de la comunicaci\u00f3n e informaci\u00f3n en estudiantes de periodismo, locuci\u00f3n, publicidad, licenciatura y post grado fue uno de los compromisos adquiridos hoy entre el Consejo Nacional para la Atenci\u00f3n de las Personas con Discapacidad -CONADI-\u00a0 y la Escuela de Ciencias de la Comunicaci\u00f3n -ECC- de la Universidad de San Carlos de Guatemala.<\/p>\n<p>Los firmantes fueron Rosa Idalia Aldana presidenta del CONADI y el director de la ECC, Sergio Morataya, durante el acto que se desarroll\u00f3 en el auditorium de dicha unidad acad\u00e9mica, las autoridades coincidieron en las acciones que se deben implementar a manera de beneficiar a la poblaci\u00f3n estudiantil que tiene alguna discapacidad y abordaje del tema desde la perspectiva de derechos humanos en el cuerpo estudiantil.<\/p>\n<p>\u00abAbordaje correcto de las capacidades es uno de los esfuerzos que se har\u00e1n en Escuela ,y una de las primeras acciones ser\u00e1 levanta un registro de estudiantes con discapacidad en las cuatro carreras incluyendo sus post grados, transmitir en Radio E su programa de radio -Guatemala para Todos-, publicar informaci\u00f3n en formatos accesibles en la p\u00e1gina oficial, coordinar apoyo de los estudiantes en campa\u00f1as audiovisuales, espacios para que CONADI pueda producir sus materiales y con eso difundir el cumplimento de su misi\u00f3n en pro de la difusi\u00f3n de la pol\u00edtica de discapacidad en\u00a0 Guatemala\u00bb expres\u00f3 el director luego de haber firmado el convenio.<\/p>\n<p><a href=\"https:\/\/conadi.gob.gt\/web\/wp-content\/uploads\/2019\/05\/IMG_0038.jpg\"><img loading=\"lazy\" decoding=\"async\" id=\"longdesc-return-5749\" class=\"alignnone size-medium wp-image-5749\" tabindex=\"-1\" src=\"https:\/\/conadi.gob.gt\/web\/wp-content\/uploads\/2019\/05\/IMG_0038-300x200.jpg\" alt=\"Egresados, cuerpo directivo de la ECC  y del CONADI\" width=\"300\" height=\"200\" longdesc=\"https:\/\/conadi.gob.gt\/web?longdesc=5749&amp;referrer=5745\" srcset=\"https:\/\/conadi.gob.gt\/web\/wp-content\/uploads\/2019\/05\/IMG_0038-300x200.jpg 300w, https:\/\/conadi.gob.gt\/web\/wp-content\/uploads\/2019\/05\/IMG_0038-768x512.jpg 768w, https:\/\/conadi.gob.gt\/web\/wp-content\/uploads\/2019\/05\/IMG_0038-1024x683.jpg 1024w, https:\/\/conadi.gob.gt\/web\/wp-content\/uploads\/2019\/05\/IMG_0038-90x60.jpg 90w, https:\/\/conadi.gob.gt\/web\/wp-content\/uploads\/2019\/05\/IMG_0038-180x120.jpg 180w, https:\/\/conadi.gob.gt\/web\/wp-content\/uploads\/2019\/05\/IMG_0038-95x64.jpg 95w\" sizes=\"auto, (max-width: 300px) 100vw, 300px\" \/><\/a><\/p>\n<p>Adem\u00e1s ser\u00e1n tomados en cuenta las observaciones y recomendaciones del Comit\u00e9 de Expertos de Naciones Unidas en la materia, respecto a la utilizaci\u00f3n de terminolog\u00eda adecuada para dignificar a las personas con discapacidad, poblaci\u00f3n que en Guatemala asciende a 1 mill\u00f3n seiscientas mil personas, seg\u00fan la Encuesta Nacional en Discapacidad -ENDIS- 2016.<\/p>\n<p>En la escuela siempre ha existido apertura para estudiantes con diferentes capacidades pero lamentablemente no se logra dimensionar la inclusi\u00f3n que deben de tener las personas con discapacidad y en ese sentido es que desde el a\u00f1o se han dado acciones y ahora lo estipulamos con la carta de entendimiento asumiendo compromisos, expres\u00f3 la licenciada Rosa Idalia Aldana.<\/p>\n<p>Por \u00faltimo, el licenciado Morataya manifiesta que se da un buen ejemplo ante otras unidades acad\u00e9micas de la casa de estudios.<\/p>\n","protected":false},"excerpt":{"rendered":"<p>Trabajar para mermar la discriminaci\u00f3n hacia las personas con discapacidad, promover la accesibilidad de la comunicaci\u00f3n e informaci\u00f3n en estudiantes de periodismo, locuci\u00f3n, publicidad, licenciatura y post grado fue uno de los compromisos adquiridos hoy entre el Consejo Nacional para la Atenci\u00f3n de las Personas con Discapacidad -CONADI-\u00a0 y la Escuela de Ciencias de la &hellip; <\/p>\n<p class=\"link-more\"><a href=\"https:\/\/conadi.gob.gt\/web\/unidad-academica-de-la-usac-y-conadi-trabajaran-en-conjunto\/\" class=\"more-link\">Leer m\u00e1s<span class=\"screen-reader-text\"> \u00abUnidad acad\u00e9mica de la USAC y CONADI trabajar\u00e1n en  conjunto\u00bb<\/span><\/a><\/p>\n","protected":false},"author":12,"featured_media":5746,"comment_status":"open","ping_status":"closed","sticky":false,"template":"","format":"standard","meta":{"footnotes":""},"categories":[3],"tags":[],"class_list":["post-5745","post","type-post","status-publish","format-standard","has-post-thumbnail","hentry","category-noticias"],"_links":{"self":[{"href":"https:\/\/conadi.gob.gt\/web\/wp-json\/wp\/v2\/posts\/5745","targetHints":{"allow":["GET"]}}],"collection":[{"href":"https:\/\/conadi.gob.gt\/web\/wp-json\/wp\/v2\/posts"}],"about":[{"href":"https:\/\/conadi.gob.gt\/web\/wp-json\/wp\/v2\/types\/post"}],"author":[{"embeddable":true,"href":"https:\/\/conadi.gob.gt\/web\/wp-json\/wp\/v2\/users\/12"}],"replies":[{"embeddable":true,"href":"https:\/\/conadi.gob.gt\/web\/wp-json\/wp\/v2\/comments?post=5745"}],"version-history":[{"count":3,"href":"https:\/\/conadi.gob.gt\/web\/wp-json\/wp\/v2\/posts\/5745\/revisions"}],"predecessor-version":[{"id":5751,"href":"https:\/\/conadi.gob.gt\/web\/wp-json\/wp\/v2\/posts\/5745\/revisions\/5751"}],"wp:featuredmedia":[{"embeddable":true,"href":"https:\/\/conadi.gob.gt\/web\/wp-json\/wp\/v2\/media\/5746"}],"wp:attachment":[{"href":"https:\/\/conadi.gob.gt\/web\/wp-json\/wp\/v2\/media?parent=5745"}],"wp:term":[{"taxonomy":"category","embeddable":true,"href":"https:\/\/conadi.gob.gt\/web\/wp-json\/wp\/v2\/categories?post=5745"},{"taxonomy":"post_tag","embeddable":true,"href":"https:\/\/conadi.gob.gt\/web\/wp-json\/wp\/v2\/tags?post=5745"}],"curies":[{"name":"wp","href":"https:\/\/api.w.org\/{rel}","templated":true}]}}