{"id":5753,"date":"2019-06-03T22:43:55","date_gmt":"2019-06-03T22:43:55","guid":{"rendered":"http:\/\/conadi.gob.gt\/web\/?p=5753"},"modified":"2019-06-03T23:02:53","modified_gmt":"2019-06-03T23:02:53","slug":"buscaran-inclusion-laboral-en-el-mercado-turistico","status":"publish","type":"post","link":"https:\/\/conadi.gob.gt\/web\/buscaran-inclusion-laboral-en-el-mercado-turistico\/","title":{"rendered":"Buscar\u00e1n inclusi\u00f3n laboral en el mercado tur\u00edstico"},"content":{"rendered":"<p>Detalles sobre la V Conferencia sobre Turismo Accesible a realizarse en Panajachel, Solol\u00e1 del 20 al 22 de agosto, se brindaron por parte de autoridades del Consejo Nacional para la Atenci\u00f3n de Personas con Discapacidad -CONADI- y del Instituto Guatemalteco de Turismo -INGUAT- donde se\u00f1alaron que el enfoque principal ser\u00e1 el abordaje de la inclusi\u00f3n laboral en el sector tur\u00edstico del pa\u00eds.<\/p>\n<p>De acuerdo con Miguel Mart\u00ednez, vicepresidente del CONADI, se abordar\u00e1 el tema de la inclusi\u00f3n de las personas con discapacidad en el \u00e1mbito tur\u00edstico y se enfocar\u00e1 a empresas empleadoras, y en ese sentido se les orientar\u00e1 en temas de inclusi\u00f3n y mecanismos de accesibilidad.\u00a0Otro de los temas a presentar ser\u00e1 el impacto econ\u00f3mico a partir del acompa\u00f1amiento que tiene una persona con discapacidad cuando visita un sitio tur\u00edstico.<\/p>\n<p>Del INGUAT, Maritza Avila de Estudios y Proyectos, agreg\u00f3 que se contar\u00e1 con expertos y participantes como tour operadores de esa entidad para que se instruyan en temas de accesibilidad tur\u00edstica enfocados a buscar oportunidades de desarrollo y trabajos para las personas con discapacidad y personas de la tercera edad. Pide que empresas se unan a la actividad y derivado de la conferencia los hoteles mejoren los servicios ya que hay deficiencias en asuntos de accesibilidad como rampas, y en ese tema se les brindar\u00e1 un manual de accesibilidad con el que cuenta la instituci\u00f3n donde hay lineamientos precisos para brindar acceso debido a las personas.<\/p>\n<p>Uno de los ejemplos que se dar\u00e1 durante el evento ser\u00e1 el de la accesibilidad de la playa p\u00fablica de Panajachel, que cuenta con rampas y \u00e1rea para no vidente lo que hace recorridos seguros. Afirma Avila que lancheros se han unido y han incorporado rampas para no perder la oportunidad de brindar un buen servicio a visitantes con discapacidad. Despu\u00e9s de eso espera que m\u00e1s empresas se unan a incorporar braille en los men\u00fas, se\u00f1alizaci\u00f3n y rampas nuevas para que los turistas se lleven una buena imagen.<\/p>\n<p>Para el evento se espera la participaci\u00f3n de 12 delegaciones internacionales y unos 150 participantes locales, en la estrategia tambi\u00e9n plantean\u00a0 invitar a universidades y colegios que cuentan con alguna carrera de turismo para que ellos se sumen a visibilizar ese tema.<\/p>\n<p><span style=\"font-size: 14pt;\"><strong>Generadores de ingresos<\/strong><\/span><\/p>\n<p>En los \u00faltimos a\u00f1os se ha ido impulsando el derecho de ese colectivo a la recreaci\u00f3n y esparcimiento social que conlleva al acceso al mundo con oportunidades que ofrece el turismo. En Australia, Estados Unidos y la Uni\u00f3n Europea han demostrado en estudios que el porcentaje de turistas es significativamente elevado. Los australianos con discapacidad estima alrededor de 11% del n\u00famero total de turistas, mientras que en Reino Unido son un 12% los que realizan turismo interno y\u00a0 se quedaron m\u00e1s tiempo por lo cual tambi\u00e9n su gasto fue mayor que la media. De manera similar en Estados Unidos los adultos con discapacidad o movilidad reducida gastan un promedio de 13.600 millones de d\u00f3lares al a\u00f1o en viajes.<\/p>\n","protected":false},"excerpt":{"rendered":"<p>Detalles sobre la V Conferencia sobre Turismo Accesible a realizarse en Panajachel, Solol\u00e1 del 20 al 22 de agosto, se brindaron por parte de autoridades del Consejo Nacional para la Atenci\u00f3n de Personas con Discapacidad -CONADI- y del Instituto Guatemalteco de Turismo -INGUAT- donde se\u00f1alaron que el enfoque principal ser\u00e1 el abordaje de la inclusi\u00f3n &hellip; <\/p>\n<p class=\"link-more\"><a href=\"https:\/\/conadi.gob.gt\/web\/buscaran-inclusion-laboral-en-el-mercado-turistico\/\" class=\"more-link\">Leer m\u00e1s<span class=\"screen-reader-text\"> \u00abBuscar\u00e1n inclusi\u00f3n laboral en el mercado tur\u00edstico\u00bb<\/span><\/a><\/p>\n","protected":false},"author":12,"featured_media":5756,"comment_status":"open","ping_status":"closed","sticky":false,"template":"","format":"standard","meta":{"footnotes":""},"categories":[3],"tags":[],"class_list":["post-5753","post","type-post","status-publish","format-standard","has-post-thumbnail","hentry","category-noticias"],"_links":{"self":[{"href":"https:\/\/conadi.gob.gt\/web\/wp-json\/wp\/v2\/posts\/5753","targetHints":{"allow":["GET"]}}],"collection":[{"href":"https:\/\/conadi.gob.gt\/web\/wp-json\/wp\/v2\/posts"}],"about":[{"href":"https:\/\/conadi.gob.gt\/web\/wp-json\/wp\/v2\/types\/post"}],"author":[{"embeddable":true,"href":"https:\/\/conadi.gob.gt\/web\/wp-json\/wp\/v2\/users\/12"}],"replies":[{"embeddable":true,"href":"https:\/\/conadi.gob.gt\/web\/wp-json\/wp\/v2\/comments?post=5753"}],"version-history":[{"count":4,"href":"https:\/\/conadi.gob.gt\/web\/wp-json\/wp\/v2\/posts\/5753\/revisions"}],"predecessor-version":[{"id":5758,"href":"https:\/\/conadi.gob.gt\/web\/wp-json\/wp\/v2\/posts\/5753\/revisions\/5758"}],"wp:featuredmedia":[{"embeddable":true,"href":"https:\/\/conadi.gob.gt\/web\/wp-json\/wp\/v2\/media\/5756"}],"wp:attachment":[{"href":"https:\/\/conadi.gob.gt\/web\/wp-json\/wp\/v2\/media?parent=5753"}],"wp:term":[{"taxonomy":"category","embeddable":true,"href":"https:\/\/conadi.gob.gt\/web\/wp-json\/wp\/v2\/categories?post=5753"},{"taxonomy":"post_tag","embeddable":true,"href":"https:\/\/conadi.gob.gt\/web\/wp-json\/wp\/v2\/tags?post=5753"}],"curies":[{"name":"wp","href":"https:\/\/api.w.org\/{rel}","templated":true}]}}