{"id":5760,"date":"2019-06-04T16:37:36","date_gmt":"2019-06-04T16:37:36","guid":{"rendered":"http:\/\/conadi.gob.gt\/web\/?p=5760"},"modified":"2019-06-04T16:37:36","modified_gmt":"2019-06-04T16:37:36","slug":"bazar-de-productividad-promueve-derecho-laboral-de-personas-con-discapacidad","status":"publish","type":"post","link":"https:\/\/conadi.gob.gt\/web\/bazar-de-productividad-promueve-derecho-laboral-de-personas-con-discapacidad\/","title":{"rendered":"Bazar de Productividad promueve derecho laboral de personas con discapacidad"},"content":{"rendered":"<p>Productos artesanales, manualidades, comida y art\u00edculos de higiene, elaborados por j\u00f3venes y adultos con discapacidad fueron vendidos durante el Bazar de Productividad que fue organizado por el Consejo Nacional para la Atenci\u00f3n de las Personas con Discapacidad -CONADI- y el apoyo de instituciones como la Secretar\u00eda de Bienestar Social de la Presidencia -SBS-, Ministerio de Cultura y Deportes, y el Centro de Capacitaci\u00f3n Ocupacional -CCO-.<\/p>\n<p>Fue dentro del marco del 22 aniversario del CONADI que se realiz\u00f3 el bazar de productividad donde se promovieron los derechos laborales para las personas con discapacidad, Sebasti\u00e1n Toledo director, indic\u00f3 que la idea surgi\u00f3\u00a0 por la necesidad de dar a conocer aspiraciones y derechos laborales de las personas con discapacidad y a la vez se valore la manufactura que ese grupo realiza.<\/p>\n<p>&nbsp;<\/p>\n<p><a href=\"https:\/\/conadi.gob.gt\/web\/wp-content\/uploads\/2019\/06\/WhatsApp-Image-2019-05-31-at-11.08.58-AM.jpeg\"><img loading=\"lazy\" decoding=\"async\" id=\"longdesc-return-5761\" class=\"alignnone size-medium wp-image-5761\" tabindex=\"-1\" src=\"https:\/\/conadi.gob.gt\/web\/wp-content\/uploads\/2019\/06\/WhatsApp-Image-2019-05-31-at-11.08.58-AM-300x200.jpeg\" alt=\"Director del CONADI conociendo los productos.\" width=\"300\" height=\"200\" longdesc=\"https:\/\/conadi.gob.gt\/web?longdesc=5761&amp;referrer=5760\" srcset=\"https:\/\/conadi.gob.gt\/web\/wp-content\/uploads\/2019\/06\/WhatsApp-Image-2019-05-31-at-11.08.58-AM-300x200.jpeg 300w, https:\/\/conadi.gob.gt\/web\/wp-content\/uploads\/2019\/06\/WhatsApp-Image-2019-05-31-at-11.08.58-AM-768x512.jpeg 768w, https:\/\/conadi.gob.gt\/web\/wp-content\/uploads\/2019\/06\/WhatsApp-Image-2019-05-31-at-11.08.58-AM-1024x682.jpeg 1024w, https:\/\/conadi.gob.gt\/web\/wp-content\/uploads\/2019\/06\/WhatsApp-Image-2019-05-31-at-11.08.58-AM-90x60.jpeg 90w, https:\/\/conadi.gob.gt\/web\/wp-content\/uploads\/2019\/06\/WhatsApp-Image-2019-05-31-at-11.08.58-AM-180x120.jpeg 180w, https:\/\/conadi.gob.gt\/web\/wp-content\/uploads\/2019\/06\/WhatsApp-Image-2019-05-31-at-11.08.58-AM-95x64.jpeg 95w, https:\/\/conadi.gob.gt\/web\/wp-content\/uploads\/2019\/06\/WhatsApp-Image-2019-05-31-at-11.08.58-AM.jpeg 1280w\" sizes=\"auto, (max-width: 300px) 100vw, 300px\" \/><\/a><\/p>\n<p>Adem\u00e1s de los productos presentados por j\u00f3venes y adultos de diferentes instituciones, tambi\u00e9n se llevaron a cabo actividades culturales como participaci\u00f3n de marimbas, grupos de baile de personas en silla de ruedas y baile de Flor Rodr\u00edguez embajadora de la paz en 2018. Entre otras actividades art\u00edsticas tambi\u00e9n hubo cantos realizado por personas con discapacidad que deleitaron y complacieron con sus canciones al p\u00fablico presente y al mismo personal de CONADI que se encontraba all\u00ed.<\/p>\n<p>El subsecretario de Protecci\u00f3n y Acogimiento a la Ni\u00f1ez de la SBS, Marvin Bautista ,expres\u00f3 que ese tipo de actividades son importantes para abrir espacios\u00a0 ya que dicha instituci\u00f3n cuenta con el Centro de Capacitaci\u00f3n Ocupacional donde tienen programas dirigidos a ni\u00f1os, ni\u00f1as y adolescentes con discapacidad, y ellos lograron presentar productos de reposter\u00eda y cocina que aprendieron durante talleres.<\/p>\n<p><strong>Exclusi\u00f3n laboral para las personas con discapacidad<\/strong><\/p>\n<p>De acuerdo con el director del CONADI, el fin primordial es la promoci\u00f3n del derecho laboral, de un millos seiscientas mil personas con discapacidad existen \u00edndices de exclusi\u00f3n donde m\u00e1s del 85% de las personas con discapacidad no cuentan con un empleo, un 13% lo hace en la econom\u00eda formal, y solo el 2% cuenta con trabajo en una dependencia; 1.30% para el Estado y 1.70 en instituci\u00f3n privada.<\/p>\n<p>&nbsp;<\/p>\n<p>&nbsp;<\/p>\n<p>&nbsp;<\/p>\n","protected":false},"excerpt":{"rendered":"<p>Productos artesanales, manualidades, comida y art\u00edculos de higiene, elaborados por j\u00f3venes y adultos con discapacidad fueron vendidos durante el Bazar de Productividad que fue organizado por el Consejo Nacional para la Atenci\u00f3n de las Personas con Discapacidad -CONADI- y el apoyo de instituciones como la Secretar\u00eda de Bienestar Social de la Presidencia -SBS-, Ministerio de &hellip; <\/p>\n<p class=\"link-more\"><a href=\"https:\/\/conadi.gob.gt\/web\/bazar-de-productividad-promueve-derecho-laboral-de-personas-con-discapacidad\/\" class=\"more-link\">Leer m\u00e1s<span class=\"screen-reader-text\"> \u00abBazar de Productividad promueve derecho laboral de personas con discapacidad\u00bb<\/span><\/a><\/p>\n","protected":false},"author":12,"featured_media":5762,"comment_status":"open","ping_status":"closed","sticky":false,"template":"","format":"standard","meta":{"footnotes":""},"categories":[3],"tags":[],"class_list":["post-5760","post","type-post","status-publish","format-standard","has-post-thumbnail","hentry","category-noticias"],"_links":{"self":[{"href":"https:\/\/conadi.gob.gt\/web\/wp-json\/wp\/v2\/posts\/5760","targetHints":{"allow":["GET"]}}],"collection":[{"href":"https:\/\/conadi.gob.gt\/web\/wp-json\/wp\/v2\/posts"}],"about":[{"href":"https:\/\/conadi.gob.gt\/web\/wp-json\/wp\/v2\/types\/post"}],"author":[{"embeddable":true,"href":"https:\/\/conadi.gob.gt\/web\/wp-json\/wp\/v2\/users\/12"}],"replies":[{"embeddable":true,"href":"https:\/\/conadi.gob.gt\/web\/wp-json\/wp\/v2\/comments?post=5760"}],"version-history":[{"count":1,"href":"https:\/\/conadi.gob.gt\/web\/wp-json\/wp\/v2\/posts\/5760\/revisions"}],"predecessor-version":[{"id":5763,"href":"https:\/\/conadi.gob.gt\/web\/wp-json\/wp\/v2\/posts\/5760\/revisions\/5763"}],"wp:featuredmedia":[{"embeddable":true,"href":"https:\/\/conadi.gob.gt\/web\/wp-json\/wp\/v2\/media\/5762"}],"wp:attachment":[{"href":"https:\/\/conadi.gob.gt\/web\/wp-json\/wp\/v2\/media?parent=5760"}],"wp:term":[{"taxonomy":"category","embeddable":true,"href":"https:\/\/conadi.gob.gt\/web\/wp-json\/wp\/v2\/categories?post=5760"},{"taxonomy":"post_tag","embeddable":true,"href":"https:\/\/conadi.gob.gt\/web\/wp-json\/wp\/v2\/tags?post=5760"}],"curies":[{"name":"wp","href":"https:\/\/api.w.org\/{rel}","templated":true}]}}